{"id":69884,"date":"2025-10-20T21:58:49","date_gmt":"2025-10-20T21:58:49","guid":{"rendered":"https:\/\/lahora.mx\/?p=69884"},"modified":"2025-10-20T21:59:16","modified_gmt":"2025-10-20T21:59:16","slug":"gobiernos-federal-y-estatal-inician-fase-de-reconstruccion-en-tiempo-record","status":"publish","type":"post","link":"https:\/\/lahora.mx\/index.php\/2025\/10\/20\/gobiernos-federal-y-estatal-inician-fase-de-reconstruccion-en-tiempo-record\/","title":{"rendered":"Gobiernos Federal y Estatal inician fase de reconstrucci\u00f3n en tiempo r\u00e9cord"},"content":{"rendered":"\n<p>Con la participaci\u00f3n de los 3 \u00f3rdenes de gobierno se inicia con la etapa de reconstrucci\u00f3n en la Sierra Norte a 10 d\u00edas de que se registr\u00f3 la intensa lluvia que dej\u00f3 a 64 mil poblanas y poblanos damnificados y 19 personas fallecidas en 23 municipios que registraron afectaciones, inform\u00f3 el gobernador Alejandro Armenta, durante la conferencia de prensa ma\u00f1anera que encabez\u00f3 desde el Centro de Mando establecido en este municipio.<\/p>\n\n\n\n<p>Explic\u00f3 que en Puebla se llevan a cabo las labores a partir de los cuatro ejes de la emergencia, en l\u00ednea con el Gobierno de la Rep\u00fablica que encabeza la presidenta Claudia Sheinbaum: Atenci\u00f3n inmediata a la emergencia; Apoyo integral a las familias afectadas; Reconstrucci\u00f3n de infraestructura y viviendas; Fortalecimiento del sistema de pron\u00f3stico y Alertamiento para prevenir futuros riesgos.<\/p>\n\n\n\n<p>El mandatario estatal destac\u00f3 la oportuna y eficaz atenci\u00f3n que ha otorgado el Gobierno Federal, Estatal y Municipal; as\u00ed como el actuar de las Fuerzas Armadas. Dijo que el gobierno de la presidenta Claudia Sheinbaum ha estado pendiente con solidaridad, humanismo y cercan\u00eda, desde el primer momento de la contingencia y a trav\u00e9s de la coordinadora general de Asuntos Intergubernamentales y Participaci\u00f3n Social del Gobierno de M\u00e9xico, Leticia Ram\u00edrez Amaya. \u00abCon un gran coraz\u00f3n, le ha dado atenci\u00f3n especial a Puebla sin descuidar los tres estados\u00bb, expres\u00f3.<\/p>\n\n\n\n<p>En su mensaje, la coordinadora general de Asuntos Intergubernamentales y Participaci\u00f3n Social del Gobierno de M\u00e9xico, reconoci\u00f3 el trabajo coordinado de los tres \u00f3rdenes de gobierno, ya que de esta manera existe una atenci\u00f3n r\u00e1pida, clara y cercana a la gente, adem\u00e1s de estar cercanos a la poblaci\u00f3n. \u00abLa vida de las personas es lo m\u00e1s importante\u00bb, afirm\u00f3 y a\u00f1adi\u00f3 que de la mano de la presidenta de M\u00e9xico continuar\u00e1n en coordinaci\u00f3n por el bienestar de las familias poblanas.<\/p>\n\n\n\n<p>En su intervenci\u00f3n, el comandante de la VI Regi\u00f3n Militar, H\u00e9ctor \u00c1vila Alcocer, subray\u00f3 que el personal de Defensa y Guardia Nacional desplegado es de 2 mil 147, distribuidos en todos los frentes. Inform\u00f3 que en Huauchinango nueve colonias ya se encuentran al 90 por ciento en relaci\u00f3n a la limpieza, en la Ceiba en el municipio de Xicotepec ya est\u00e1n tambi\u00e9n al mismo porcentaje. Se\u00f1al\u00f3 que a trav\u00e9s de puentes a\u00e9reos se han entregado despensas, agua, medicamentos y ropa, lo que representa 153 operaciones con 130 toneladas de insumos, as\u00ed como 25 mil 859 comidas calientes mediante una cocina comunitaria.<\/p>\n\n\n\n<p>El comandante del Cuartel General del Alto Mando de la Secretar\u00eda de Marina, vicealmirante Ra\u00fal Sergio Mar\u00edn, inform\u00f3 que tienen desplegados 700 efectivos en la zona afectada, quienes han realizado labores de limpieza, b\u00fasqueda y rescate, recorridos de seguridad y entrega de despensas. Coment\u00f3 que a la fecha han auxiliado a 658 personas, otorgado 101 atenciones m\u00e9dicas, 94 comunidades apoyadas, mil 80 traslados a albergues, 56 v\u00edas despejadas, 4 mil metros c\u00fabicos de retiro de basura, 7 mil despensas entregadas, 859 cobijas y colchas; as\u00ed como ocho puentes a\u00e9reos y m\u00e1s de 38 mil botellas de agua proporcionadas<br><br>El secretario de Infraestructura, Jos\u00e9 Manuel Contreras de los Santos, subray\u00f3 que a la fecha se registra un avance del 93.5 por ciento en la apertura de caminos. Puntualiz\u00f3 que junto con la presidenta de M\u00e9xico, Claudia Sheinbaum, trabajan para recuperar 134.8 kil\u00f3metros de v\u00edas de comunicaci\u00f3n da\u00f1adas, lo que dej\u00f3 404 deslaves, se han removido 40 mil 442 metros c\u00fabicos de lodo, 24 mil 521 metros lineales de avenidas y calles, 24.5 kil\u00f3metros de removimiento de asfalto da\u00f1ado.<\/p>\n\n\n\n<p>Adem\u00e1s se\u00f1al\u00f3 que fueron cuantificados 11 puentes afectados en nueve municipios, se han liberado 19 tramos carreteros en: Huauchinango, Naupan, Zihuateutla, Xicotepec, Jalpan y Tlacuilotepec. Con la apertura de caminos en cinco localidades, pertenecientes a los municipios Pahuatl\u00e1n, Francisco Z. Mena y Zacatl\u00e1n, se logr\u00f3 llevar ayuda humanitaria por tierra. Actualmente trabajan 130 unidades de los M\u00f3dulos de Maquinaria de la dependencia, CAPUFE, Secretar\u00eda de Infraestructura, Comunicaciones y Transportes; as\u00ed como de las Fuerzas Armadas. Agreg\u00f3 que 14 municipios han sido atendidos, 18 caminos liberados, 27 en proceso, y tres m\u00e1s en traslado hacia los puntos afectados.<\/p>\n\n\n\n<p>El secretario de Gobernaci\u00f3n, Samuel Aguilar Pala, inform\u00f3 que al corte de este 20 de octubre la cifra de personas fallecidas se mantiene en 19 y cinco no localizadas, a\u00f1adi\u00f3 que en total se han entregado 73 mil apoyos entre cobertores, despensas, colchonetas, kits de limpieza y m\u00e9dicos.<\/p>\n\n\n\n<p>Finalmente, la secretaria de Bienestar, Laura Artemisa Garc\u00eda Ch\u00e1vez, coment\u00f3 que se han otorgado las de 201 toneladas de v\u00edveres, se han recibido 34 camiones en 18 municipios y puntualiz\u00f3 que hay ocho albergues activos, donde est\u00e1n resguardadas mil 759 personas que sufrieron afectaciones en sus viviendas.<\/p>\n","protected":false},"excerpt":{"rendered":"<p>Con la participaci\u00f3n de los 3 \u00f3rdenes de gobierno se inicia con la etapa de reconstrucci\u00f3n en la Sierra Norte a 10 d\u00edas de que se registr\u00f3 la intensa lluvia que dej\u00f3 a 64 mil poblanas y poblanos damnificados y 19 personas fallecidas en 23 municipios que registraron afectaciones, inform\u00f3 el gobernador Alejandro Armenta, durante [&hellip;]<\/p>\n","protected":false},"author":1,"featured_media":69887,"comment_status":"open","ping_status":"open","sticky":false,"template":"","format":"standard","meta":{"om_disable_all_campaigns":false,"_monsterinsights_skip_tracking":false,"_monsterinsights_sitenote_active":false,"_monsterinsights_sitenote_note":"","_monsterinsights_sitenote_category":0,"footnotes":""},"categories":[175],"tags":[239,195,223],"class_list":["post-69884","post","type-post","status-publish","format-standard","has-post-thumbnail","hentry","category-local","tag-gobierno","tag-principal","tag-puebla"],"amp_enabled":true,"_links":{"self":[{"href":"https:\/\/lahora.mx\/index.php\/wp-json\/wp\/v2\/posts\/69884","targetHints":{"allow":["GET"]}}],"collection":[{"href":"https:\/\/lahora.mx\/index.php\/wp-json\/wp\/v2\/posts"}],"about":[{"href":"https:\/\/lahora.mx\/index.php\/wp-json\/wp\/v2\/types\/post"}],"author":[{"embeddable":true,"href":"https:\/\/lahora.mx\/index.php\/wp-json\/wp\/v2\/users\/1"}],"replies":[{"embeddable":true,"href":"https:\/\/lahora.mx\/index.php\/wp-json\/wp\/v2\/comments?post=69884"}],"version-history":[{"count":1,"href":"https:\/\/lahora.mx\/index.php\/wp-json\/wp\/v2\/posts\/69884\/revisions"}],"predecessor-version":[{"id":69886,"href":"https:\/\/lahora.mx\/index.php\/wp-json\/wp\/v2\/posts\/69884\/revisions\/69886"}],"wp:featuredmedia":[{"embeddable":true,"href":"https:\/\/lahora.mx\/index.php\/wp-json\/wp\/v2\/media\/69887"}],"wp:attachment":[{"href":"https:\/\/lahora.mx\/index.php\/wp-json\/wp\/v2\/media?parent=69884"}],"wp:term":[{"taxonomy":"category","embeddable":true,"href":"https:\/\/lahora.mx\/index.php\/wp-json\/wp\/v2\/categories?post=69884"},{"taxonomy":"post_tag","embeddable":true,"href":"https:\/\/lahora.mx\/index.php\/wp-json\/wp\/v2\/tags?post=69884"}],"curies":[{"name":"wp","href":"https:\/\/api.w.org\/{rel}","templated":true}]}}