{"id":69853,"date":"2025-10-20T04:33:19","date_gmt":"2025-10-20T04:33:19","guid":{"rendered":"https:\/\/lahora.mx\/?p=69853"},"modified":"2025-10-20T04:34:06","modified_gmt":"2025-10-20T04:34:06","slug":"no-dejamos-a-nadie-atras-dice-sheinbaum-a-pobladores-de-pantepec","status":"publish","type":"post","link":"https:\/\/lahora.mx\/index.php\/2025\/10\/20\/no-dejamos-a-nadie-atras-dice-sheinbaum-a-pobladores-de-pantepec\/","title":{"rendered":"\u2018No dejamos a nadie atr\u00e1s\u2019, dice Sheinbaum a pobladores de Pantepec"},"content":{"rendered":"\n<p>La presidenta Claudia Sheinbaum visit\u00f3 este domingo el municipio de Pantepec, Puebla, que fue afectado por las lluvias torrenciales del 9 de octubre pasado y que provocaron da\u00f1os en viviendas, comercios e infraestructura de la regi\u00f3n.<\/p>\n\n\n\n<p>\u00abVisitamos el municipio de Pantepec, Puebla, para supervisar las labores de limpieza y dar mensaje a las personas damnificadas. No dejamos a nadie atr\u00e1s\u00bb.<br>La titular del Ejecutivo visit\u00f3 el refugio temporal de la comunidad de El Carrizal, donde se encuentran personas que fueron afectadas en su patrimonio por el temporal.<\/p>\n\n\n\n<p>En su recorrido por la zona Sheinbaum estuvo acompa\u00f1ada del gobernador de la entidad, Alejandro Armenta.<\/p>\n\n\n\n<p>Actualmente la Secretar\u00eda del Bienestar realiza el censo para determinar con exactitud la cifra de personas afectadas por las precipitaciones y comenzar a entregar recursos y enseres dom\u00e9sticos.<\/p>\n\n\n\n<p>Puebla fue de las zonas m\u00e1s afectadas, sobre todo en el norte de la entidad por la crecida de r\u00edos, arroyos y deslizamientos de tierra que afectaron viviendas, caminos e infraestructura y equipamiento urbanos.<\/p>\n\n\n\n<p>Armenta confirma visita<br>Por la ma\u00f1ana, el gobernador de Puebla, Alejandro Armenta, confirm\u00f3 en sus redes sociales el recorrido de la Presidenta.<\/p>\n\n\n\n<p>Hoy nuestra presidenta, la Dra. Claudia Sheinbaum estar\u00e1 en Pantepec, continuando con los recorridos para supervisar los da\u00f1os y fortalecer la atenci\u00f3n a las familias afectadas\u201d.<\/p>\n\n\n\n<p>Adem\u00e1s, el mandatario estatal comparti\u00f3 un video en que se\u00f1al\u00f3 que se encontraba en Carrizal Viejo, Pantepec, junto a la coordinadora, Leticia Ram\u00edrez Amaya. \u201cEsperamos la llegada de nuestra presidenta, la Dra. Claudia Sheinbaum para continuar con la evaluaci\u00f3n de los da\u00f1os ocasionados por las lluvias de la semana pasada\u201d.<\/p>\n","protected":false},"excerpt":{"rendered":"<p>La presidenta Claudia Sheinbaum visit\u00f3 este domingo el municipio de Pantepec, Puebla, que fue afectado por las lluvias torrenciales del 9 de octubre pasado y que provocaron da\u00f1os en viviendas, comercios e infraestructura de la regi\u00f3n. \u00abVisitamos el municipio de Pantepec, Puebla, para supervisar las labores de limpieza y dar mensaje a las personas damnificadas. [&hellip;]<\/p>\n","protected":false},"author":1,"featured_media":69854,"comment_status":"open","ping_status":"open","sticky":false,"template":"","format":"standard","meta":{"om_disable_all_campaigns":false,"_monsterinsights_skip_tracking":false,"_monsterinsights_sitenote_active":false,"_monsterinsights_sitenote_note":"","_monsterinsights_sitenote_category":0,"footnotes":""},"categories":[176],"tags":[],"class_list":["post-69853","post","type-post","status-publish","format-standard","has-post-thumbnail","hentry","category-nacional"],"amp_enabled":true,"_links":{"self":[{"href":"https:\/\/lahora.mx\/index.php\/wp-json\/wp\/v2\/posts\/69853","targetHints":{"allow":["GET"]}}],"collection":[{"href":"https:\/\/lahora.mx\/index.php\/wp-json\/wp\/v2\/posts"}],"about":[{"href":"https:\/\/lahora.mx\/index.php\/wp-json\/wp\/v2\/types\/post"}],"author":[{"embeddable":true,"href":"https:\/\/lahora.mx\/index.php\/wp-json\/wp\/v2\/users\/1"}],"replies":[{"embeddable":true,"href":"https:\/\/lahora.mx\/index.php\/wp-json\/wp\/v2\/comments?post=69853"}],"version-history":[{"count":2,"href":"https:\/\/lahora.mx\/index.php\/wp-json\/wp\/v2\/posts\/69853\/revisions"}],"predecessor-version":[{"id":69856,"href":"https:\/\/lahora.mx\/index.php\/wp-json\/wp\/v2\/posts\/69853\/revisions\/69856"}],"wp:featuredmedia":[{"embeddable":true,"href":"https:\/\/lahora.mx\/index.php\/wp-json\/wp\/v2\/media\/69854"}],"wp:attachment":[{"href":"https:\/\/lahora.mx\/index.php\/wp-json\/wp\/v2\/media?parent=69853"}],"wp:term":[{"taxonomy":"category","embeddable":true,"href":"https:\/\/lahora.mx\/index.php\/wp-json\/wp\/v2\/categories?post=69853"},{"taxonomy":"post_tag","embeddable":true,"href":"https:\/\/lahora.mx\/index.php\/wp-json\/wp\/v2\/tags?post=69853"}],"curies":[{"name":"wp","href":"https:\/\/api.w.org\/{rel}","templated":true}]}}