{"id":6985,"date":"2022-05-16T13:12:40","date_gmt":"2022-05-16T13:12:40","guid":{"rendered":"http:\/\/lahora.mx\/?p=6985"},"modified":"2022-05-16T13:12:42","modified_gmt":"2022-05-16T13:12:42","slug":"entregan-a-20-anos-concesiones-de-verificentros-en-puebla-a-particulares-y-empresas","status":"publish","type":"post","link":"https:\/\/lahora.mx\/index.php\/2022\/05\/16\/entregan-a-20-anos-concesiones-de-verificentros-en-puebla-a-particulares-y-empresas\/","title":{"rendered":"Entregan a 20 a\u00f1os concesiones de Verificentros en Puebla a particulares y empresas"},"content":{"rendered":"\n<p>En marzo pasado, la&nbsp;<strong>Secretar\u00eda de Medio Ambiente, Desarrollo Sustentable y Ordenamiento Territorial&nbsp;<\/strong>(Smadsot)&nbsp;<strong>firm\u00f3 las 16 concesiones que operar\u00e1n los centros de verificaci\u00f3n vehicular<\/strong>&nbsp;en los pr\u00f3ximos 20 a\u00f1os, mismas que&nbsp;<strong>estar\u00e1n en manos de 11 particulares<\/strong>; entre los que&nbsp;<strong>destacan dos ex candidatos a una diputaci\u00f3n y una regidur\u00eda,&nbsp;<\/strong>respectivamente.<\/p>\n\n\n\n<p>De acuerdo con la informaci\u00f3n contenida en la<strong>&nbsp;Plataforma Nacional de Transparencia, 10 de ellos se ubicar\u00e1n en la ciudad de Puebla,<\/strong>&nbsp;mientras que&nbsp;<strong><em>dos estar\u00e1n en el municipio de Tehuac\u00e1n, y las alcald\u00edas de Atlixco, Huejotzingo, San Andr\u00e9s Cholula y San Mart\u00edn Texmelucan,&nbsp;<\/em><\/strong>tendr\u00e1n uno cada una.<\/p>\n\n\n\n<p>En el caso de aquellos que tendr\u00e1n su domicilio en la capital del estado, destac\u00f3 que&nbsp;<strong>tres de ellos obtuvieron la concesi\u00f3n a nombre del mismo titular, Alfonso Gabriel Galina Garc\u00eda.&nbsp;<\/strong>En ese sentido, los&nbsp;<strong>\u2018Verificentros\u2019 con c\u00f3digo CVV-09, CVV-10 y CVV-20,&nbsp;<\/strong>todos ellos en Puebla capital,&nbsp;<strong>ser\u00e1n controlados por la misma persona.<\/strong><\/p>\n\n\n\n<p>Esta&nbsp;<em>misma persona moral est\u00e1 registrada en los padrones de contratistas de los municipios de Atlixco, Tehuac\u00e1n, San Mart\u00edn Texmelucan,<\/em>&nbsp;inclusive del Comit\u00e9 Administrador Poblano para la Construcci\u00f3n de Espacios Educativos (Capcee).<\/p>\n\n\n\n<p>El&nbsp;<strong>segundo concesionario&nbsp;<\/strong>que tambi\u00e9n&nbsp;<strong>obtuvo tres permisos para operar centros de verificaci\u00f3n<\/strong>&nbsp;vehicular en la entidad, fue&nbsp;<strong><em>Carlos Felipe Salom\u00f3n Aboumrad,&nbsp;<\/em><\/strong>quien tendr\u00e1 a bien encargarse de lo<strong>s sitios con c\u00f3digo CVV-11, CVV-12, CVV-13,<\/strong>&nbsp;todos situados en Puebla capital.<\/p>\n\n\n\n<p>Por su parte, la&nbsp;<strong>empresa \u201cGesti\u00f3n de Emisiones Urbanas, S.A. de C.V.\u201d,<\/strong>&nbsp;quien es&nbsp;<strong>representada legalmente por Jos\u00e9 Antonio Gonz\u00e1lez Bedolla.<\/strong>&nbsp;En su caso, la Smadsot le&nbsp;<strong>brind\u00f3 la concesi\u00f3n para operar dos Verificentros en la ciudad de Puebl<\/strong>a, mismos que funcionar\u00e1n con los c\u00f3digos&nbsp;<strong>CVV-16 y CVV-17.<\/strong><\/p>\n\n\n\n<p>Tambi\u00e9n en Puebla capital, la&nbsp;<strong>persona moral \u201cXcelencia en Verificentros, S.A. de C.V.\u201d<\/strong>, quien se encuentra registrada jur\u00eddicamente representada por&nbsp;<strong>V\u00edctor Marius Caraballo Bergeret,&nbsp;<\/strong>quien de acuerdo con el portal de Transparencia,<strong>&nbsp;fue candidato a regidor de las alcald\u00edas Gustavo A. Madero, Iztacalco, Cuauht\u00e9moc, en 2021&nbsp;<\/strong>y lo hizo&nbsp;<strong>abanderando al Partido Verde Ecologista de M\u00e9xico<\/strong>. En este caso, obtuvo la concesi\u00f3n para operar el centro de verificaci\u00f3n con<strong>&nbsp;c\u00f3digo CVV-15, por dos d\u00e9cadas.<\/strong><\/p>\n\n\n\n<p>En esa misma demarcaci\u00f3n,&nbsp;<strong>\u201cVerificaciones de Emisiones del R\u00edo, S.A., de C.V.\u201d,<\/strong>&nbsp;personificado legalmente por&nbsp;<strong>Paulina Fern\u00e1ndez Cappelleso,<\/strong>&nbsp;result\u00f3 ganadora de la&nbsp;<strong>concesi\u00f3n que le permitir\u00e1 encargarse del centro con c\u00f3digo CVV-14.<\/strong><\/p>\n\n\n\n<p>Ya en el interior del estado, no muy lejos de la capital del estado, en el&nbsp;<strong>municipio de Atlixco, ser\u00e1 \u201cAlimentaci\u00f3n y Medio Ambiente M\u00e9xico, A. C.\u201d, r<\/strong>epresentada por la<strong>&nbsp;ex candidata a diputada federal por el distrito nueve, por Redes Sociales Progresistas (RSP)&nbsp;<\/strong>y ex funcionaria de la Subsecretar\u00eda de Ingresos, de la Secretar\u00eda de Planeaci\u00f3n y Finanzas,<strong>&nbsp;Estefania Gavito Nava,<\/strong>&nbsp;quien operar\u00e1 el&nbsp;<strong>centro de verificaci\u00f3n CVV-04.<\/strong><\/p>\n\n\n\n<p>Por su parte,&nbsp;<strong>en Huejotzingo,&nbsp;<\/strong>quien fue elegido por la Smadsot para operar el Verificentro CVV-07 en ese lugar, fue&nbsp;<strong>Jos\u00e9 Cenobio Benito Oroza Hern\u00e1ndez.&nbsp;<\/strong>En&nbsp;<strong>San Mart\u00edn Texmelucan, fue la empresa \u201cEcolog\u00eda y Ambientalismo Metropolitano, S.A., de C.V.\u201d,<\/strong>&nbsp;quien a trav\u00e9s de su&nbsp;<strong>apoderado legal, Jos\u00e9 Christian Coria Bucio,<\/strong>&nbsp;recibi\u00f3 la&nbsp;<strong>concesi\u00f3n para operar el centro con c\u00f3digo CVV-21.<\/strong><\/p>\n\n\n\n<p>En&nbsp;<strong>San Andr\u00e9s Cholula, Am\u00e9rica Violeta Gonz\u00e1lez Tob\u00f3n,<\/strong>&nbsp;se encargar\u00e1 del lugar con c\u00f3digo CVV-19. En&nbsp;<strong>Tehuac\u00e1n, Marco L\u00f3pez Casta\u00f1\u00f3n&nbsp;<\/strong>fue el beneficiado para operar el Verificentro CVV-27. En esa misma alcald\u00eda,<strong>&nbsp;Sergio Rossano Casta\u00f1\u00f3n lo har\u00e1 con el centro con c\u00f3digo CVV-26.<\/strong><\/p>\n","protected":false},"excerpt":{"rendered":"<p>En marzo pasado, la&nbsp;Secretar\u00eda de Medio Ambiente, Desarrollo Sustentable y Ordenamiento Territorial&nbsp;(Smadsot)&nbsp;firm\u00f3 las 16 concesiones que operar\u00e1n los centros de verificaci\u00f3n vehicular&nbsp;en los pr\u00f3ximos 20 a\u00f1os, mismas que&nbsp;estar\u00e1n en manos de 11 particulares; entre los que&nbsp;destacan dos ex candidatos a una diputaci\u00f3n y una regidur\u00eda,&nbsp;respectivamente. De acuerdo con la informaci\u00f3n contenida en la&nbsp;Plataforma Nacional de [&hellip;]<\/p>\n","protected":false},"author":4,"featured_media":6986,"comment_status":"open","ping_status":"open","sticky":false,"template":"","format":"standard","meta":{"om_disable_all_campaigns":false,"_monsterinsights_skip_tracking":false,"_monsterinsights_sitenote_active":false,"_monsterinsights_sitenote_note":"","_monsterinsights_sitenote_category":0,"footnotes":""},"categories":[175],"tags":[195,223],"class_list":["post-6985","post","type-post","status-publish","format-standard","has-post-thumbnail","hentry","category-local","tag-principal","tag-puebla"],"amp_enabled":true,"_links":{"self":[{"href":"https:\/\/lahora.mx\/index.php\/wp-json\/wp\/v2\/posts\/6985","targetHints":{"allow":["GET"]}}],"collection":[{"href":"https:\/\/lahora.mx\/index.php\/wp-json\/wp\/v2\/posts"}],"about":[{"href":"https:\/\/lahora.mx\/index.php\/wp-json\/wp\/v2\/types\/post"}],"author":[{"embeddable":true,"href":"https:\/\/lahora.mx\/index.php\/wp-json\/wp\/v2\/users\/4"}],"replies":[{"embeddable":true,"href":"https:\/\/lahora.mx\/index.php\/wp-json\/wp\/v2\/comments?post=6985"}],"version-history":[{"count":1,"href":"https:\/\/lahora.mx\/index.php\/wp-json\/wp\/v2\/posts\/6985\/revisions"}],"predecessor-version":[{"id":6987,"href":"https:\/\/lahora.mx\/index.php\/wp-json\/wp\/v2\/posts\/6985\/revisions\/6987"}],"wp:featuredmedia":[{"embeddable":true,"href":"https:\/\/lahora.mx\/index.php\/wp-json\/wp\/v2\/media\/6986"}],"wp:attachment":[{"href":"https:\/\/lahora.mx\/index.php\/wp-json\/wp\/v2\/media?parent=6985"}],"wp:term":[{"taxonomy":"category","embeddable":true,"href":"https:\/\/lahora.mx\/index.php\/wp-json\/wp\/v2\/categories?post=6985"},{"taxonomy":"post_tag","embeddable":true,"href":"https:\/\/lahora.mx\/index.php\/wp-json\/wp\/v2\/tags?post=6985"}],"curies":[{"name":"wp","href":"https:\/\/api.w.org\/{rel}","templated":true}]}}