{"id":69833,"date":"2025-10-20T02:10:58","date_gmt":"2025-10-20T02:10:58","guid":{"rendered":"https:\/\/lahora.mx\/?p=69833"},"modified":"2025-10-20T02:10:59","modified_gmt":"2025-10-20T02:10:59","slug":"protestan-en-ensenada-contra-redadas-migratorias-y-autoritarismo-de-trump","status":"publish","type":"post","link":"https:\/\/lahora.mx\/index.php\/2025\/10\/20\/protestan-en-ensenada-contra-redadas-migratorias-y-autoritarismo-de-trump\/","title":{"rendered":"Protestan en Ensenada contra redadas migratorias y \u201cautoritarismo\u201d de Trump"},"content":{"rendered":"\n<p>Con pancartas en mano y consignas dirigidas contra el presidente estadounidense Donald Trump, ciudadanos originarios de Estados Unidos y residentes en Baja California participaron este 18 de octubre en una manifestaci\u00f3n en el Parque Revoluci\u00f3n, en el municipio de Ensenada. La protesta form\u00f3 parte del movimiento internacional \u201cNo Kings\u201d (No Reyes), el cual expresa rechazo al autoritarismo y, particularmente, a las pol\u00edticas migratorias implementadas por la administraci\u00f3n Trump.<\/p>\n\n\n\n<p>Durante la concentraci\u00f3n, los asistentes denunciaron lo que calificaron como una \u201cdictadura fascista\u201d en su pa\u00eds de origen y criticaron duramente las redadas del Servicio de Inmigraci\u00f3n y Control de Aduanas (ICE). Los mensajes exhibidos en cartulinas inclu\u00edan frases como \u201cNo tiranos en los USA\u201d, \u201cThe Mad King\u201d, \u201cICE \u00a1No Bueno!\u201d y \u201cNo ICE Raids\u201d, en clara oposici\u00f3n al endurecimiento de las pol\u00edticas migratorias en territorio estadounidense.<br><br>Uno de los manifestantes, Fred Martell, jubilado originario de Los \u00c1ngeles con m\u00e1s de tres d\u00e9cadas viviendo en Playas de Rosarito y los \u00faltimos cinco a\u00f1os en Ensenada, afirm\u00f3 que Trump \u201cact\u00faa como si fuera un monarca\u201d. Afirm\u00f3 que el movimiento \u201cNo Kings\u201d busca frenar el avance del autoritarismo en Estados Unidos. Tambi\u00e9n critic\u00f3 las acciones de ICE, a las que calific\u00f3 como arbitrarias y abusivas, se\u00f1alando que \u201cen lugar de enfocarse en criminales, est\u00e1n persiguiendo a personas que llevan d\u00e9cadas trabajando legalmente, con familia e hijos estadounidenses\u201d.<\/p>\n\n\n\n<p>Por su parte, Joan Lucci, quien ha residido seis a\u00f1os en la regi\u00f3n y fue una de las organizadoras del acto, calific\u00f3 al mandatario como \u201cun dictador\u201d y asegur\u00f3 que M\u00e9xico representa, en contraste, un pa\u00eds donde la libertad de expresi\u00f3n sigue vigente. \u201cTrump intimida a la poblaci\u00f3n, pero nosotros no nos dejaremos intimidar\u201d, afirm\u00f3. Asimismo, expres\u00f3 su preocupaci\u00f3n por las deportaciones indiscriminadas, que afectan especialmente a comunidades mexicanas y migrantes establecidas desde hace a\u00f1os en Estados Unidos.<\/p>\n\n\n\n<p>Otro participante, Omar, especialista en ciencia ambiental con 16 a\u00f1os en Baja California, se sum\u00f3 a las cr\u00edticas: \u00abTrump no es ni capitalista ni socialista, es un fascista que ataca a la clase trabajadora, a los migrantes, a la ciencia ya los servicios p\u00fablicos. Es el peor presidente que hemos tenido\u00bb, sostuvo.<\/p>\n\n\n\n<p>La convocatoria fue organizada por el Cap\u00edtulo Baja California de Dem\u00f3cratas en el Extranjero, brazo oficial del Partido Dem\u00f3crata en M\u00e9xico. Esta movilizaci\u00f3n se suma a otras realizadas en fechas recientes, como la del 14 de junio de 2024 \u2014coincidiendo con el \u201cNo Kings Day\u201d\u2014 y la del 19 de abril de 2025 en Playas de Rosarito, en las que tambi\u00e9n se expres\u00f3 el rechazo hacia las pol\u00edticas y el estilo de gobierno de Donald Trump.<\/p>\n","protected":false},"excerpt":{"rendered":"<p>Con pancartas en mano y consignas dirigidas contra el presidente estadounidense Donald Trump, ciudadanos originarios de Estados Unidos y residentes en Baja California participaron este 18 de octubre en una manifestaci\u00f3n en el Parque Revoluci\u00f3n, en el municipio de Ensenada. La protesta form\u00f3 parte del movimiento internacional \u201cNo Kings\u201d (No Reyes), el cual expresa rechazo [&hellip;]<\/p>\n","protected":false},"author":1,"featured_media":69834,"comment_status":"open","ping_status":"open","sticky":false,"template":"","format":"standard","meta":{"om_disable_all_campaigns":false,"_monsterinsights_skip_tracking":false,"_monsterinsights_sitenote_active":false,"_monsterinsights_sitenote_note":"","_monsterinsights_sitenote_category":0,"footnotes":""},"categories":[183,176],"tags":[],"class_list":["post-69833","post","type-post","status-publish","format-standard","has-post-thumbnail","hentry","category-internacional","category-nacional"],"amp_enabled":true,"_links":{"self":[{"href":"https:\/\/lahora.mx\/index.php\/wp-json\/wp\/v2\/posts\/69833","targetHints":{"allow":["GET"]}}],"collection":[{"href":"https:\/\/lahora.mx\/index.php\/wp-json\/wp\/v2\/posts"}],"about":[{"href":"https:\/\/lahora.mx\/index.php\/wp-json\/wp\/v2\/types\/post"}],"author":[{"embeddable":true,"href":"https:\/\/lahora.mx\/index.php\/wp-json\/wp\/v2\/users\/1"}],"replies":[{"embeddable":true,"href":"https:\/\/lahora.mx\/index.php\/wp-json\/wp\/v2\/comments?post=69833"}],"version-history":[{"count":1,"href":"https:\/\/lahora.mx\/index.php\/wp-json\/wp\/v2\/posts\/69833\/revisions"}],"predecessor-version":[{"id":69835,"href":"https:\/\/lahora.mx\/index.php\/wp-json\/wp\/v2\/posts\/69833\/revisions\/69835"}],"wp:featuredmedia":[{"embeddable":true,"href":"https:\/\/lahora.mx\/index.php\/wp-json\/wp\/v2\/media\/69834"}],"wp:attachment":[{"href":"https:\/\/lahora.mx\/index.php\/wp-json\/wp\/v2\/media?parent=69833"}],"wp:term":[{"taxonomy":"category","embeddable":true,"href":"https:\/\/lahora.mx\/index.php\/wp-json\/wp\/v2\/categories?post=69833"},{"taxonomy":"post_tag","embeddable":true,"href":"https:\/\/lahora.mx\/index.php\/wp-json\/wp\/v2\/tags?post=69833"}],"curies":[{"name":"wp","href":"https:\/\/api.w.org\/{rel}","templated":true}]}}