{"id":69830,"date":"2025-10-20T02:09:32","date_gmt":"2025-10-20T02:09:32","guid":{"rendered":"https:\/\/lahora.mx\/?p=69830"},"modified":"2025-10-20T02:09:32","modified_gmt":"2025-10-20T02:09:32","slug":"detienen-a-influencer-por-presuntamente-ordenar-tortura-a-ladrones-de-su-casa","status":"publish","type":"post","link":"https:\/\/lahora.mx\/index.php\/2025\/10\/20\/detienen-a-influencer-por-presuntamente-ordenar-tortura-a-ladrones-de-su-casa\/","title":{"rendered":"Detienen a influencer por presuntamente ordenar tortura a ladrones de su casa"},"content":{"rendered":"\n<p>La influencer brasile\u00f1a Iza Paiva, de 26 a\u00f1os, fue detenida el mi\u00e9rcoles 15 de octubre en la ciudad de Porto Velho, estado de Rond\u00f4nia, por su presunta implicaci\u00f3n en un caso de tortura como represalia tras un robo en su domicilio. La joven, conocida por exhibir un estilo de vida ostentoso ante sus m\u00e1s de 49 mil seguidores en redes sociales, es investigada por haber solicitado la intervenci\u00f3n de la organizaci\u00f3n criminal Comando Vermelho para vengarse de los responsables del hurto.<\/p>\n\n\n\n<p>Seg\u00fan informaci\u00f3n del medio G1, las autoridades sospechan que Paiva contact\u00f3 directamente a miembros del Comando Vermelho \u2014una de las facciones delictivas m\u00e1s poderosas de Brasil\u2014 para localizar a los supuestos ladrones, castigarles violentamente y recuperar los bienes sustra\u00eddos. Esta organizaci\u00f3n es reconocida por su implicaci\u00f3n en actividades il\u00edcitas como narcotr\u00e1fico, secuestro, extorsi\u00f3n y homicidios por encargo.<br><br>La Polic\u00eda Civil manifest\u00f3 que la detenida, en lugar de acudir a las autoridades correspondientes, opt\u00f3 por actuar de forma deliberada al margen de la ley, impulsada por una motivaci\u00f3n de venganza personal, lo cual constituye una violaci\u00f3n directa del orden jur\u00eddico.<\/p>\n\n\n\n<p>La detenci\u00f3n de Paiva form\u00f3 parte de una operaci\u00f3n denominada \u201cArur Betach\u201d, expresi\u00f3n hebrea que se traduce como \u201cmaldito el que conf\u00eda\u201d. Tras su arresto, se ejecut\u00f3 tambi\u00e9n el allanamiento de su domicilio. Actualmente, la joven permanece bajo prisi\u00f3n preventiva, luego de que un juez determine que existen elementos suficientes para mantenerla detenida mientras se desarrolla la investigaci\u00f3n.<\/p>\n\n\n\n<p>El abogado defensor, Samuel Costa, expres\u00f3 su desacuerdo con la medida cautelar y aparentemente que la prisi\u00f3n preventiva debe aplicarse solo en circunstancias excepcionales. Aleg\u00f3 adem\u00e1s que su clienta es madre de dos menores que requieren de su compa\u00f1\u00eda y afecto. Costa critic\u00f3 el juicio medi\u00e1tico que se ha generado en redes sociales, advirtiendo que \u201cel tribunal digital no puede sustituir al debido proceso legal\u201d.<\/p>\n\n\n\n<p>El caso ha generado gran repercusi\u00f3n no solo por la figura p\u00fablica de la detenida, sino por la exposici\u00f3n del alcance territorial del Comando Vermelho, cuya expansi\u00f3n en la regi\u00f3n amaz\u00f3nica ha sido motivo de alerta en los \u00faltimos a\u00f1os. De acuerdo con una investigaci\u00f3n del diario El Pa\u00eds , desde 2023 esta facci\u00f3n ha desplazado a grupos rivales como el Primeiro Comando da Capital (PCC) y la Familia do Norte en zonas estrat\u00e9gicas como la triple frontera entre Brasil, Colombia y Per\u00fa.<\/p>\n\n\n\n<p>Su dominio se extiende a ciudades como Leticia y Tabatinga, donde controlan el microtr\u00e1fico, favorecidos por la falta de oportunidades laborales y educativas en localidades como Benjam\u00edn Constant, lo que facilita el reclutamiento y siembra un temor generalizado que inhibe las denuncias.<\/p>\n","protected":false},"excerpt":{"rendered":"<p>La influencer brasile\u00f1a Iza Paiva, de 26 a\u00f1os, fue detenida el mi\u00e9rcoles 15 de octubre en la ciudad de Porto Velho, estado de Rond\u00f4nia, por su presunta implicaci\u00f3n en un caso de tortura como represalia tras un robo en su domicilio. La joven, conocida por exhibir un estilo de vida ostentoso ante sus m\u00e1s de [&hellip;]<\/p>\n","protected":false},"author":1,"featured_media":69831,"comment_status":"open","ping_status":"open","sticky":false,"template":"","format":"standard","meta":{"om_disable_all_campaigns":false,"_monsterinsights_skip_tracking":false,"_monsterinsights_sitenote_active":false,"_monsterinsights_sitenote_note":"","_monsterinsights_sitenote_category":0,"footnotes":""},"categories":[3],"tags":[223],"class_list":["post-69830","post","type-post","status-publish","format-standard","has-post-thumbnail","hentry","category-entretenimiento","tag-puebla"],"amp_enabled":true,"_links":{"self":[{"href":"https:\/\/lahora.mx\/index.php\/wp-json\/wp\/v2\/posts\/69830","targetHints":{"allow":["GET"]}}],"collection":[{"href":"https:\/\/lahora.mx\/index.php\/wp-json\/wp\/v2\/posts"}],"about":[{"href":"https:\/\/lahora.mx\/index.php\/wp-json\/wp\/v2\/types\/post"}],"author":[{"embeddable":true,"href":"https:\/\/lahora.mx\/index.php\/wp-json\/wp\/v2\/users\/1"}],"replies":[{"embeddable":true,"href":"https:\/\/lahora.mx\/index.php\/wp-json\/wp\/v2\/comments?post=69830"}],"version-history":[{"count":1,"href":"https:\/\/lahora.mx\/index.php\/wp-json\/wp\/v2\/posts\/69830\/revisions"}],"predecessor-version":[{"id":69832,"href":"https:\/\/lahora.mx\/index.php\/wp-json\/wp\/v2\/posts\/69830\/revisions\/69832"}],"wp:featuredmedia":[{"embeddable":true,"href":"https:\/\/lahora.mx\/index.php\/wp-json\/wp\/v2\/media\/69831"}],"wp:attachment":[{"href":"https:\/\/lahora.mx\/index.php\/wp-json\/wp\/v2\/media?parent=69830"}],"wp:term":[{"taxonomy":"category","embeddable":true,"href":"https:\/\/lahora.mx\/index.php\/wp-json\/wp\/v2\/categories?post=69830"},{"taxonomy":"post_tag","embeddable":true,"href":"https:\/\/lahora.mx\/index.php\/wp-json\/wp\/v2\/tags?post=69830"}],"curies":[{"name":"wp","href":"https:\/\/api.w.org\/{rel}","templated":true}]}}