{"id":6982,"date":"2022-05-15T20:34:00","date_gmt":"2022-05-15T20:34:00","guid":{"rendered":"http:\/\/lahora.mx\/?p=6982"},"modified":"2022-05-15T20:34:02","modified_gmt":"2022-05-15T20:34:02","slug":"se-revisaran-las-letras-chiquitas-de-la-concesion-del-servicio-de-agua-potable-sergio-salomon","status":"publish","type":"post","link":"https:\/\/lahora.mx\/index.php\/2022\/05\/15\/se-revisaran-las-letras-chiquitas-de-la-concesion-del-servicio-de-agua-potable-sergio-salomon\/","title":{"rendered":"Se revisar\u00e1n las &#8216;letras chiquitas&#8217; de la concesi\u00f3n del servicio de agua potable: Sergio Salom\u00f3n"},"content":{"rendered":"\n<p>El presidente del Congreso Local,&nbsp;<strong>Sergio Salom\u00f3n C\u00e9spedes Peregrina<\/strong>, inform\u00f3 que estar\u00e1n revisando la manera en la cual puedan analizar la concesi\u00f3n del servicio de agua potable y alcantarillado en la capital del estado.<\/p>\n\n\n\n<p>En entrevista,\u00a0<strong>el coordinador de Morena enfatiz\u00f3<\/strong>\u00a0que es necesario que se revisen las &#8216;letras chiquitas&#8217; del documento para determinar cu\u00e1les son las opciones que pueden tomar para concretar la revocaci\u00f3n.<br>En ese sentido,\u00a0<strong>enfatizaron que por el momento no hay una ruta jur\u00eddica<\/strong>\u00a0a seguir por lo que consider\u00f3 importante el determinar cu\u00e1l es la opci\u00f3n que se puede tomar en un futuro, el cual se dar\u00e1 a conocer en cuanto haga una determinaci\u00f3n.<\/p>\n\n\n\n<p>Finalmente,&nbsp;<strong>dijo que tambi\u00e9n se desconoce hasta qu\u00e9 punto el Congreso del Estado<\/strong>&nbsp;puede intervenir o participar en este proceso, por lo que estar\u00e1n atentos para poder ayudar al ejecutivo estatal en este rubro.<\/p>\n","protected":false},"excerpt":{"rendered":"<p>El presidente del Congreso Local,&nbsp;Sergio Salom\u00f3n C\u00e9spedes Peregrina, inform\u00f3 que estar\u00e1n revisando la manera en la cual puedan analizar la concesi\u00f3n del servicio de agua potable y alcantarillado en la capital del estado. En entrevista,\u00a0el coordinador de Morena enfatiz\u00f3\u00a0que es necesario que se revisen las &#8216;letras chiquitas&#8217; del documento para determinar cu\u00e1les son las opciones [&hellip;]<\/p>\n","protected":false},"author":4,"featured_media":6983,"comment_status":"open","ping_status":"open","sticky":false,"template":"","format":"standard","meta":{"om_disable_all_campaigns":false,"_monsterinsights_skip_tracking":false,"_monsterinsights_sitenote_active":false,"_monsterinsights_sitenote_note":"","_monsterinsights_sitenote_category":0,"footnotes":""},"categories":[175],"tags":[223],"class_list":["post-6982","post","type-post","status-publish","format-standard","has-post-thumbnail","hentry","category-local","tag-puebla"],"amp_enabled":true,"_links":{"self":[{"href":"https:\/\/lahora.mx\/index.php\/wp-json\/wp\/v2\/posts\/6982","targetHints":{"allow":["GET"]}}],"collection":[{"href":"https:\/\/lahora.mx\/index.php\/wp-json\/wp\/v2\/posts"}],"about":[{"href":"https:\/\/lahora.mx\/index.php\/wp-json\/wp\/v2\/types\/post"}],"author":[{"embeddable":true,"href":"https:\/\/lahora.mx\/index.php\/wp-json\/wp\/v2\/users\/4"}],"replies":[{"embeddable":true,"href":"https:\/\/lahora.mx\/index.php\/wp-json\/wp\/v2\/comments?post=6982"}],"version-history":[{"count":1,"href":"https:\/\/lahora.mx\/index.php\/wp-json\/wp\/v2\/posts\/6982\/revisions"}],"predecessor-version":[{"id":6984,"href":"https:\/\/lahora.mx\/index.php\/wp-json\/wp\/v2\/posts\/6982\/revisions\/6984"}],"wp:featuredmedia":[{"embeddable":true,"href":"https:\/\/lahora.mx\/index.php\/wp-json\/wp\/v2\/media\/6983"}],"wp:attachment":[{"href":"https:\/\/lahora.mx\/index.php\/wp-json\/wp\/v2\/media?parent=6982"}],"wp:term":[{"taxonomy":"category","embeddable":true,"href":"https:\/\/lahora.mx\/index.php\/wp-json\/wp\/v2\/categories?post=6982"},{"taxonomy":"post_tag","embeddable":true,"href":"https:\/\/lahora.mx\/index.php\/wp-json\/wp\/v2\/tags?post=6982"}],"curies":[{"name":"wp","href":"https:\/\/api.w.org\/{rel}","templated":true}]}}