{"id":69812,"date":"2025-10-19T21:55:08","date_gmt":"2025-10-19T21:55:08","guid":{"rendered":"https:\/\/lahora.mx\/?p=69812"},"modified":"2025-10-19T21:55:09","modified_gmt":"2025-10-19T21:55:09","slug":"reconoce-fge-18-feminicidios-en-lo-que-va-de-2025","status":"publish","type":"post","link":"https:\/\/lahora.mx\/index.php\/2025\/10\/19\/reconoce-fge-18-feminicidios-en-lo-que-va-de-2025\/","title":{"rendered":"Reconoce FGE 18 feminicidios en lo que va de 2025"},"content":{"rendered":"\n<p>La fiscal general del estado, Idamis Pastor Betancourt, inform\u00f3 que tras la apertura de las Casas Carmen Serd\u00e1n, el n\u00famero de denuncias por violencia contra las mujeres se increment\u00f3 sustancialmente, pero se redujo el n\u00famero de feminicidios; Adem\u00e1s reconoci\u00f3 casos de violencia contra hombres, pero son un n\u00famero muy inferior.<\/p>\n\n\n\n<p>De acuerdo a las cifras oficiales, en 2024 al mes de octubre se contabilizan 41 carpetas por feminicidio, mientras que para este a\u00f1o la cifra que se tiene al mes de septiembre es de 18.<\/p>\n\n\n\n<p>En entrevista la funcionaria se\u00f1al\u00f3 que en las 18 casas Carmen Serd\u00e1n donde se trabaja de manera conjunta con el gobierno federal, y se han atendido a 66 mil 500 mujeres, en los centros libres de violencia.<\/p>\n\n\n\n<p>Precis\u00f3 que por parte de la Fiscal\u00eda se llevan 3 mil 409 carpetas de investigaci\u00f3n iniciadas, medidas de protecci\u00f3n 3 mil 216, mientras hay albergadas 381.<\/p>\n\n\n\n<p>Destac\u00f3 el trabajo en las casas que con el apoyo del gobernador Alejandro Armenta, porque hubo un incremento en las denuncias, y de las carpetas iniciadas la gran mayor\u00eda, el 70 por ciento son por violencia familiar.<\/p>\n\n\n\n<p>La fiscal precis\u00f3 \u201cLas denuncias por violencia familiar aumentaron, pero los femicidios disminuyeron, porque al otorgar las m\u00e1s de tres mil medidas de protecci\u00f3n, se ha inhibido el delito de feminicidio, ya que al llegar a las casas y recibir la orientaci\u00f3n y conocen que es la violencia de g\u00e9nero\u201d.<\/p>\n\n\n\n<p>Idamis Pastor se\u00f1al\u00f3 que en cualquier agencia del Ministerio P\u00fablico se pueden presentar las denuncias por violencia familiar.<\/p>\n\n\n\n<p>Explic\u00f3 en la violencia familiar se incluye a los menores, a los ancianos, y tambi\u00e9n hacia los hombres porque si bien hay menos denuncias, tambi\u00e9n est\u00e1 presente la violencia de g\u00e9nero.<\/p>\n\n\n\n<p>Insisti\u00f3 en que las carpetas de investigaci\u00f3n abarcan todo, y hay que brindar protecci\u00f3n hacia los menores, porque son vulnerables, \u201ccomo no votan en ocasiones no se les da voz, pero un menor puede decir todo lo que est\u00e1 pasando, lo que vive en su entorno, casos de abuso sexual, de violaciones\u201d.<\/p>\n\n\n\n<p>Violencia hacia los hombres<\/p>\n\n\n\n<p>De la violencia hacia los hombres, indic\u00f3 que el mensaje es que vayan y denuncien porque tambi\u00e9n hay v\u00edctimas, y en la Fiscal\u00eda son tratados de igual forma que una mujer, con protocolos, con la dignidad que se requiere.<\/p>\n\n\n\n<p>Coment\u00f3, \u201cen un recorrido dentro del programa Fiscal\u00eda te escucha, en una Casa Carmen Serd\u00e1n, lleg\u00f3 un hombre con sus dos hijos menores, y se\u00f1al\u00f3 que estaba divorciado, pero al ver el violent\u00f3metro, me di cuenta que mi ex esposa les estaba ejerciendo violencia\u201d.<\/p>\n\n\n\n<p>Destac\u00f3 que los hombres tambi\u00e9n han comenzado a ver el tema, que se pueden acercar a denunciar, sobre todo cuando son los hijos quienes sufren la violencia familiar, y hay platicas donde se demuestra que existe la violencia tambi\u00e9n contra los hombres.<\/p>\n\n\n\n<p>\u201cSomos emp\u00e1ticos tambi\u00e9n con los hombres porque se est\u00e1 hablando de la violencia que no se ve\u00eda hace 17 a\u00f1os, pero hoy todo mundo visibilizamos que la violencia puede darse en cualquier forma y a cualquier persona\u201d.<\/p>\n\n\n\n<p>La fiscal reiter\u00f3 que la violencia es general y se tiene que eliminar en la familia.<\/p>\n","protected":false},"excerpt":{"rendered":"<p>La fiscal general del estado, Idamis Pastor Betancourt, inform\u00f3 que tras la apertura de las Casas Carmen Serd\u00e1n, el n\u00famero de denuncias por violencia contra las mujeres se increment\u00f3 sustancialmente, pero se redujo el n\u00famero de feminicidios; Adem\u00e1s reconoci\u00f3 casos de violencia contra hombres, pero son un n\u00famero muy inferior. De acuerdo a las cifras [&hellip;]<\/p>\n","protected":false},"author":1,"featured_media":69813,"comment_status":"open","ping_status":"open","sticky":false,"template":"","format":"standard","meta":{"om_disable_all_campaigns":false,"_monsterinsights_skip_tracking":false,"_monsterinsights_sitenote_active":false,"_monsterinsights_sitenote_note":"","_monsterinsights_sitenote_category":0,"footnotes":""},"categories":[175],"tags":[195,223],"class_list":["post-69812","post","type-post","status-publish","format-standard","has-post-thumbnail","hentry","category-local","tag-principal","tag-puebla"],"amp_enabled":true,"_links":{"self":[{"href":"https:\/\/lahora.mx\/index.php\/wp-json\/wp\/v2\/posts\/69812","targetHints":{"allow":["GET"]}}],"collection":[{"href":"https:\/\/lahora.mx\/index.php\/wp-json\/wp\/v2\/posts"}],"about":[{"href":"https:\/\/lahora.mx\/index.php\/wp-json\/wp\/v2\/types\/post"}],"author":[{"embeddable":true,"href":"https:\/\/lahora.mx\/index.php\/wp-json\/wp\/v2\/users\/1"}],"replies":[{"embeddable":true,"href":"https:\/\/lahora.mx\/index.php\/wp-json\/wp\/v2\/comments?post=69812"}],"version-history":[{"count":1,"href":"https:\/\/lahora.mx\/index.php\/wp-json\/wp\/v2\/posts\/69812\/revisions"}],"predecessor-version":[{"id":69814,"href":"https:\/\/lahora.mx\/index.php\/wp-json\/wp\/v2\/posts\/69812\/revisions\/69814"}],"wp:featuredmedia":[{"embeddable":true,"href":"https:\/\/lahora.mx\/index.php\/wp-json\/wp\/v2\/media\/69813"}],"wp:attachment":[{"href":"https:\/\/lahora.mx\/index.php\/wp-json\/wp\/v2\/media?parent=69812"}],"wp:term":[{"taxonomy":"category","embeddable":true,"href":"https:\/\/lahora.mx\/index.php\/wp-json\/wp\/v2\/categories?post=69812"},{"taxonomy":"post_tag","embeddable":true,"href":"https:\/\/lahora.mx\/index.php\/wp-json\/wp\/v2\/tags?post=69812"}],"curies":[{"name":"wp","href":"https:\/\/api.w.org\/{rel}","templated":true}]}}