{"id":69803,"date":"2025-10-19T21:21:31","date_gmt":"2025-10-19T21:21:31","guid":{"rendered":"https:\/\/lahora.mx\/?p=69803"},"modified":"2025-10-19T21:21:32","modified_gmt":"2025-10-19T21:21:32","slug":"jopala-y-zihuateutla-en-etapa-de-reconstruccion-participan-gobiernos-federal-estatal-y-municipales","status":"publish","type":"post","link":"https:\/\/lahora.mx\/index.php\/2025\/10\/19\/jopala-y-zihuateutla-en-etapa-de-reconstruccion-participan-gobiernos-federal-estatal-y-municipales\/","title":{"rendered":"Jopala y Zihuateutla en etapa de reconstrucci\u00f3n; participan gobiernos federal, estatal y municipales"},"content":{"rendered":"\n<p>Con plena coordinaci\u00f3n y suma de esfuerzos entre el Gobierno federal, estatal y municipal, se restablecer\u00e1 la comunicaci\u00f3n de los municipios y comunidades que resultaron afectadas por el da\u00f1o de la infraestructura del Puente que pasa por el R\u00edo Necaxa y que por las fuertes lluvias registradas la semana pasada result\u00f3 con importantes da\u00f1os.<\/p>\n\n\n\n<p>El gobernador de Puebla, Alejandro Armenta, en reuni\u00f3n con presidentes municipales de Jopala, Zihuateutla y Tlaola, as\u00ed como con ediles auxiliares, se\u00f1al\u00f3 que para rehabilitar el paso vehicular, primero se requieren de estudios topogr\u00e1ficos y t\u00e9cnicos. El mandatario se comprometi\u00f3 a que se habilitar\u00e1 un paso provisional, se arreglar\u00e1 el muro de contenci\u00f3n y ser\u00e1 instalada una alarma para alertar el crecimiento del r\u00edo.<\/p>\n\n\n\n<p>Ante los habitantes del municipio y localidades afectadas, el mandatario estatal reafirm\u00f3 que el puente es prioritario. \u00abTodas las comunidades son importantes, as\u00ed como lo dice la presidenta de M\u00e9xico y deben estar debidamente comunicadas\u00bb. Detall\u00f3 que provisionalmente a trav\u00e9s de la maquinaria van a canalizar el r\u00edo para que no afecte los caminos. \u00abEl estudio t\u00e9cnico debe ser especializado para que la reconstrucci\u00f3n sea la adecuada\u00bb, subray\u00f3.<\/p>\n\n\n\n<p>La coordinadora general de Asuntos Intergubernamentales y Participaci\u00f3n Social del Gobierno de M\u00e9xico, Leticia Ram\u00edrez Amaya, subray\u00f3 que a trav\u00e9s del enlace que realizan todas las tardes con la presidenta de M\u00e9xico, Claudia Sheinbaum, comentar\u00e1n la prioridad de atender dicho paso vehicular. \u00abElla lo va a saber por voz del gobernador y a trav\u00e9s m\u00eda, a eso venimos\u00bb, asegur\u00f3 la funcionaria federal, quien reiter\u00f3 que apoyar\u00e1n a todas y a todos.<\/p>\n\n\n\n<p>Dolores Serrano Hern\u00e1ndez, habitante de la localidad de Coxolitla en el municipio de Tlaola, expres\u00f3 su agradecimiento por la atenci\u00f3n inmediata del gobierno estatal. \u201cEstamos muy agradecidos con el gobernador por venir a visitar a las comunidades afectadas\u201d, afirm\u00f3, al se\u00f1alar que cada vez que el caudal se desborda, su comunidad sufre severas afectaciones. Su testimonio refleja la importancia de la cercan\u00eda y respuesta oportuna ante este tipo de emergencias.<\/p>\n\n\n\n<p>Micaela Ausencio Flores, tambi\u00e9n vecina de la comunidad de Coxolitla, destac\u00f3 la urgencia de contar con un paso provisional, ya que el puente afectado representa su principal v\u00eda de acceso. Expres\u00f3 que la visita del gobernador Alejandro Armenta les brinda esperanza de que, esta vez, sus necesidades s\u00ed ser\u00e1n escuchadas y atendidas, ya que han pasado presidentes municipales y siempre los han tenido en el olvido\u201d, lament\u00f3, al tiempo de reconocer que la presencia del mandatario estatal es un acto de compromiso con las comunidades m\u00e1s afectadas.<\/p>\n\n\n\n<p>Los presidentes municipales de Zihuateutla, Jopala y Tlaola; as\u00ed como ediles auxiliares, expresaron la necesidad de reconstruir el muro de contenci\u00f3n del r\u00edo, y reconocieron la pronta respuesta del Gobierno del Estado y fuerzas armadas para apoyar en la emergencia, a trav\u00e9s de despensas y v\u00edveres.<\/p>\n\n\n\n<p>Finalmente, el presidente municipal de Jopala, Fabio Becerra M\u00e9ndez, reafirm\u00f3 que con la ayuda de los vecinos adecuar\u00e1n un paso provisional y con la ayuda de la maquinaria del Gobierno del Estado, desde este domingo comenzar\u00e1n con los trabajos para la apertura de dicho camino.<\/p>\n","protected":false},"excerpt":{"rendered":"<p>Con plena coordinaci\u00f3n y suma de esfuerzos entre el Gobierno federal, estatal y municipal, se restablecer\u00e1 la comunicaci\u00f3n de los municipios y comunidades que resultaron afectadas por el da\u00f1o de la infraestructura del Puente que pasa por el R\u00edo Necaxa y que por las fuertes lluvias registradas la semana pasada result\u00f3 con importantes da\u00f1os. El [&hellip;]<\/p>\n","protected":false},"author":1,"featured_media":69804,"comment_status":"open","ping_status":"open","sticky":false,"template":"","format":"standard","meta":{"om_disable_all_campaigns":false,"_monsterinsights_skip_tracking":false,"_monsterinsights_sitenote_active":false,"_monsterinsights_sitenote_note":"","_monsterinsights_sitenote_category":0,"footnotes":""},"categories":[175],"tags":[239,223],"class_list":["post-69803","post","type-post","status-publish","format-standard","has-post-thumbnail","hentry","category-local","tag-gobierno","tag-puebla"],"amp_enabled":true,"_links":{"self":[{"href":"https:\/\/lahora.mx\/index.php\/wp-json\/wp\/v2\/posts\/69803","targetHints":{"allow":["GET"]}}],"collection":[{"href":"https:\/\/lahora.mx\/index.php\/wp-json\/wp\/v2\/posts"}],"about":[{"href":"https:\/\/lahora.mx\/index.php\/wp-json\/wp\/v2\/types\/post"}],"author":[{"embeddable":true,"href":"https:\/\/lahora.mx\/index.php\/wp-json\/wp\/v2\/users\/1"}],"replies":[{"embeddable":true,"href":"https:\/\/lahora.mx\/index.php\/wp-json\/wp\/v2\/comments?post=69803"}],"version-history":[{"count":1,"href":"https:\/\/lahora.mx\/index.php\/wp-json\/wp\/v2\/posts\/69803\/revisions"}],"predecessor-version":[{"id":69805,"href":"https:\/\/lahora.mx\/index.php\/wp-json\/wp\/v2\/posts\/69803\/revisions\/69805"}],"wp:featuredmedia":[{"embeddable":true,"href":"https:\/\/lahora.mx\/index.php\/wp-json\/wp\/v2\/media\/69804"}],"wp:attachment":[{"href":"https:\/\/lahora.mx\/index.php\/wp-json\/wp\/v2\/media?parent=69803"}],"wp:term":[{"taxonomy":"category","embeddable":true,"href":"https:\/\/lahora.mx\/index.php\/wp-json\/wp\/v2\/categories?post=69803"},{"taxonomy":"post_tag","embeddable":true,"href":"https:\/\/lahora.mx\/index.php\/wp-json\/wp\/v2\/tags?post=69803"}],"curies":[{"name":"wp","href":"https:\/\/api.w.org\/{rel}","templated":true}]}}