{"id":69797,"date":"2025-10-19T17:43:02","date_gmt":"2025-10-19T17:43:02","guid":{"rendered":"https:\/\/lahora.mx\/?p=69797"},"modified":"2025-10-19T17:43:03","modified_gmt":"2025-10-19T17:43:03","slug":"puebla-conmemora-el-dia-de-las-bibliotecas-con-trueque-y-lectura-de-oscar-wilde","status":"publish","type":"post","link":"https:\/\/lahora.mx\/index.php\/2025\/10\/19\/puebla-conmemora-el-dia-de-las-bibliotecas-con-trueque-y-lectura-de-oscar-wilde\/","title":{"rendered":"Puebla conmemora el D\u00eda de las Bibliotecas con trueque y lectura de Oscar Wilde"},"content":{"rendered":"\n<p>En el marco del D\u00eda Internacional de las Bibliotecas, la Biblioteca P\u00fablica Central Miguel de la Madrid realizar\u00e1 este 24 de octubre dos actividades para promover la lectura y el acceso al conocimiento: un c\u00edrculo de lectura dedicado a Oscar Wilde y un trueque de libros abierto al p\u00fablico.<\/p>\n\n\n\n<p>El encuentro literario forma parte de la conmemoraci\u00f3n instaurada en 1997 por la Asociaci\u00f3n Espa\u00f1ola de Amigos del Libro Infantil y Juvenil, en memoria de la Biblioteca Nacional de Sarajevo, destruida durante la guerra de Bosnia.<\/p>\n\n\n\n<p>Desde entonces, la fecha busca resaltar el papel de las bibliotecas como espacios de di\u00e1logo y memoria cultural.<\/p>\n\n\n\n<p>A las 16:00 horas, se llevar\u00e1 a cabo el c\u00edrculo de lectura del texto \u201cDe profundis\u201d, escrito por Oscar Wilde, bajo la gu\u00eda de Axel Naranjo Azcona.<\/p>\n\n\n\n<p>La sesi\u00f3n se centrar\u00e1 en el an\u00e1lisis del dolor, la libertad y la identidad desde una perspectiva LGBT+, con el prop\u00f3sito de crear un espacio seguro donde los asistentes compartan ideas y experiencias. El registro est\u00e1 disponible en l\u00ednea a trav\u00e9s del formulario oficial.<\/p>\n\n\n\n<p>Adem\u00e1s, de 9:00 a 18:00 horas, se instalar\u00e1 el trueque de libros itinerante, una actividad que promueve el intercambio libre de ejemplares entre lectores.<\/p>\n\n\n\n<p>La din\u00e1mica consiste en llevar un libro en buen estado, elegir otro de la colecci\u00f3n disponible y disfrutar de una nueva historia.<\/p>\n\n\n\n<p>La propuesta busca democratizar el acceso a la lectura, especialmente ante los altos costos de los libros, y dar nueva vida a aquellos ejemplares que esperan ser redescubiertos por otro lector.<\/p>\n\n\n\n<p>La Biblioteca P\u00fablica Central Miguel de la Madrid se ubica en Avenida 14 Oriente 803, en el barrio de El Alto, junto al templo de San Francisco.<\/p>\n\n\n\n<p>En el recinto tambi\u00e9n puede tramitarse la credencial para pr\u00e9stamos a domicilio.<\/p>\n","protected":false},"excerpt":{"rendered":"<p>En el marco del D\u00eda Internacional de las Bibliotecas, la Biblioteca P\u00fablica Central Miguel de la Madrid realizar\u00e1 este 24 de octubre dos actividades para promover la lectura y el acceso al conocimiento: un c\u00edrculo de lectura dedicado a Oscar Wilde y un trueque de libros abierto al p\u00fablico. El encuentro literario forma parte de [&hellip;]<\/p>\n","protected":false},"author":1,"featured_media":69798,"comment_status":"open","ping_status":"open","sticky":false,"template":"","format":"standard","meta":{"om_disable_all_campaigns":false,"_monsterinsights_skip_tracking":false,"_monsterinsights_sitenote_active":false,"_monsterinsights_sitenote_note":"","_monsterinsights_sitenote_category":0,"footnotes":""},"categories":[3],"tags":[223],"class_list":["post-69797","post","type-post","status-publish","format-standard","has-post-thumbnail","hentry","category-entretenimiento","tag-puebla"],"amp_enabled":true,"_links":{"self":[{"href":"https:\/\/lahora.mx\/index.php\/wp-json\/wp\/v2\/posts\/69797","targetHints":{"allow":["GET"]}}],"collection":[{"href":"https:\/\/lahora.mx\/index.php\/wp-json\/wp\/v2\/posts"}],"about":[{"href":"https:\/\/lahora.mx\/index.php\/wp-json\/wp\/v2\/types\/post"}],"author":[{"embeddable":true,"href":"https:\/\/lahora.mx\/index.php\/wp-json\/wp\/v2\/users\/1"}],"replies":[{"embeddable":true,"href":"https:\/\/lahora.mx\/index.php\/wp-json\/wp\/v2\/comments?post=69797"}],"version-history":[{"count":1,"href":"https:\/\/lahora.mx\/index.php\/wp-json\/wp\/v2\/posts\/69797\/revisions"}],"predecessor-version":[{"id":69799,"href":"https:\/\/lahora.mx\/index.php\/wp-json\/wp\/v2\/posts\/69797\/revisions\/69799"}],"wp:featuredmedia":[{"embeddable":true,"href":"https:\/\/lahora.mx\/index.php\/wp-json\/wp\/v2\/media\/69798"}],"wp:attachment":[{"href":"https:\/\/lahora.mx\/index.php\/wp-json\/wp\/v2\/media?parent=69797"}],"wp:term":[{"taxonomy":"category","embeddable":true,"href":"https:\/\/lahora.mx\/index.php\/wp-json\/wp\/v2\/categories?post=69797"},{"taxonomy":"post_tag","embeddable":true,"href":"https:\/\/lahora.mx\/index.php\/wp-json\/wp\/v2\/tags?post=69797"}],"curies":[{"name":"wp","href":"https:\/\/api.w.org\/{rel}","templated":true}]}}