{"id":69794,"date":"2025-10-19T17:36:26","date_gmt":"2025-10-19T17:36:26","guid":{"rendered":"https:\/\/lahora.mx\/?p=69794"},"modified":"2025-10-19T17:36:26","modified_gmt":"2025-10-19T17:36:26","slug":"jovenes-participan-en-la-vive-la-ibero-2025-conocen-su-nuevo-hogar","status":"publish","type":"post","link":"https:\/\/lahora.mx\/index.php\/2025\/10\/19\/jovenes-participan-en-la-vive-la-ibero-2025-conocen-su-nuevo-hogar\/","title":{"rendered":"J\u00f3venes participan en la Vive la Ibero 2025; conocen su nuevo hogar"},"content":{"rendered":"\n<p>Desde las primeras horas de la ma\u00f1ana, los camiones comenzaron a llegar. J\u00f3venes rostros llegaron a un lugar donde sus sue\u00f1os, convicciones, proyectos y anhelos van a ser impulsados y reconocidos, con la convicci\u00f3n de que mejorar el mundo es posible: llegaron a la Ibero Puebla, a vivir un d\u00eda inolvidable en el Vive la Ibero 2025.<\/p>\n\n\n\n<p>Las casi 3 mil j\u00f3venes promesas disfrutaron de un d\u00eda lleno de esp\u00edritu Ibero Puebla. Conocieron las instalaciones innovadoras, sus lugares de diversi\u00f3n y esparcimiento; convivieron con el profesorado que los acompa\u00f1ar\u00e1, y se llenaron de toda la inspiraci\u00f3n jesuita presente en cada aspecto de la vida universitaria.<\/p>\n\n\n\n<p>Alejandro Guevara Sangin\u00e9s, rector de esta casa de estudios, dijo a los futuros Gansos Ibero Puebla que el Vive la Ibero no s\u00f3lo ser\u00e1 un espacio para conocer a su universidad, sino que \u201choy van a tener oportunidad de conocerse a s\u00ed mismos, a s\u00ed mismas, y con ello, tratar de encontrar la mayor informaci\u00f3n para una de las decisiones m\u00e1s importantes de toda su vida, que es descubrir su verdadera vocaci\u00f3n para lo profesional\u201d.<br><br>\u201cEl d\u00eda de hoy les quiero invitar a que se enamoren. Que se enamoren como nosotros, todos nosotros estamos enamorados de este gran lugar que es la Ibero Puebla\u201d, se\u00f1al\u00f3.<\/p>\n\n\n\n<p>La c\u00e1lida bienvenida fue seguida por Aurora Berlanga \u00c1lvarez, directora general de Vinculaci\u00f3n, quien asegur\u00f3 que tambi\u00e9n este evento es un momento para conocer a su comunidad, y hacerse parte de ella. \u201cHemos preparado esta jornada con todo el coraz\u00f3n\u201d, y por ello los visitantes disfrutaron de este ambiente lleno de ambiente comunitario.<\/p>\n\n\n\n<p>El coraz\u00f3n de la Ibero Puebla lati\u00f3 en todos los sentidos. El Instituto de Dise\u00f1o e Innovaci\u00f3n Tecnol\u00f3gica Dr. Carlos Escand\u00f3n Dom\u00ednguez, SJ, (IDIT) recibi\u00f3 todas las ilusiones de innovar e incidir, y les demostr\u00f3 todo el potencial que tendr\u00e1n en sus instalaciones. Con maquinaria de \u00faltimo modelo, profesorado capacitado nacional e internacionalmente, instalaciones de \u00faltima generaci\u00f3n, el IDIT demostr\u00f3 todas las oportunidades que tendr\u00e1n desde el momento en que pisen su nueva universidad.<\/p>\n\n\n\n<p>Desde el primer edificio hasta el \u00faltimo, las futuras generaciones de la universidad jesuita recorrieron la gran oferta de m\u00e1s de 30 licenciaturas que les proyectar\u00e1n nacional e internacionalmente como profesionales de la Arquitectura, Psicolog\u00eda, Econom\u00eda, Dise\u00f1o, Comunicaci\u00f3n, Negocios, entre muchas otras \u00e1reas.<\/p>\n\n\n\n<p>La diversi\u00f3n se hizo presente tambi\u00e9n en las presentaciones de talleres art\u00edsticos. Al ritmo de la salsa, samba, reguet\u00f3n, ritmos africanos, folclore mexicano, ente muchos otros, los estudiantes de la Ibero Puebla encendieron a los futuros integrantes de la universidad, que no pudieron evitar moverse con emoci\u00f3n.<\/p>\n\n\n\n<p>As\u00ed, una tarde llena de color, curiosidad, descubrimiento, experiencias y una casa de estudios c\u00e1lida que recibi\u00f3 a brazo abiertos a los miles de j\u00f3venes que conocieron la plataforma de estudios que les dar\u00e1 las herramientas que necesitan para el mundo de hoy, siendo conscientes, competentes compasivos, comprometidos y cr\u00edticos.<\/p>\n","protected":false},"excerpt":{"rendered":"<p>Desde las primeras horas de la ma\u00f1ana, los camiones comenzaron a llegar. J\u00f3venes rostros llegaron a un lugar donde sus sue\u00f1os, convicciones, proyectos y anhelos van a ser impulsados y reconocidos, con la convicci\u00f3n de que mejorar el mundo es posible: llegaron a la Ibero Puebla, a vivir un d\u00eda inolvidable en el Vive la [&hellip;]<\/p>\n","protected":false},"author":1,"featured_media":69795,"comment_status":"open","ping_status":"open","sticky":false,"template":"","format":"standard","meta":{"om_disable_all_campaigns":false,"_monsterinsights_skip_tracking":false,"_monsterinsights_sitenote_active":false,"_monsterinsights_sitenote_note":"","_monsterinsights_sitenote_category":0,"footnotes":""},"categories":[3,175],"tags":[223],"class_list":["post-69794","post","type-post","status-publish","format-standard","has-post-thumbnail","hentry","category-entretenimiento","category-local","tag-puebla"],"amp_enabled":true,"_links":{"self":[{"href":"https:\/\/lahora.mx\/index.php\/wp-json\/wp\/v2\/posts\/69794","targetHints":{"allow":["GET"]}}],"collection":[{"href":"https:\/\/lahora.mx\/index.php\/wp-json\/wp\/v2\/posts"}],"about":[{"href":"https:\/\/lahora.mx\/index.php\/wp-json\/wp\/v2\/types\/post"}],"author":[{"embeddable":true,"href":"https:\/\/lahora.mx\/index.php\/wp-json\/wp\/v2\/users\/1"}],"replies":[{"embeddable":true,"href":"https:\/\/lahora.mx\/index.php\/wp-json\/wp\/v2\/comments?post=69794"}],"version-history":[{"count":1,"href":"https:\/\/lahora.mx\/index.php\/wp-json\/wp\/v2\/posts\/69794\/revisions"}],"predecessor-version":[{"id":69796,"href":"https:\/\/lahora.mx\/index.php\/wp-json\/wp\/v2\/posts\/69794\/revisions\/69796"}],"wp:featuredmedia":[{"embeddable":true,"href":"https:\/\/lahora.mx\/index.php\/wp-json\/wp\/v2\/media\/69795"}],"wp:attachment":[{"href":"https:\/\/lahora.mx\/index.php\/wp-json\/wp\/v2\/media?parent=69794"}],"wp:term":[{"taxonomy":"category","embeddable":true,"href":"https:\/\/lahora.mx\/index.php\/wp-json\/wp\/v2\/categories?post=69794"},{"taxonomy":"post_tag","embeddable":true,"href":"https:\/\/lahora.mx\/index.php\/wp-json\/wp\/v2\/tags?post=69794"}],"curies":[{"name":"wp","href":"https:\/\/api.w.org\/{rel}","templated":true}]}}