{"id":69791,"date":"2025-10-19T17:21:53","date_gmt":"2025-10-19T17:21:53","guid":{"rendered":"https:\/\/lahora.mx\/?p=69791"},"modified":"2025-10-19T17:21:54","modified_gmt":"2025-10-19T17:21:54","slug":"inah-acuerda-reparar-danos-en-la-fuente-de-san-miguel-del-zocalo","status":"publish","type":"post","link":"https:\/\/lahora.mx\/index.php\/2025\/10\/19\/inah-acuerda-reparar-danos-en-la-fuente-de-san-miguel-del-zocalo\/","title":{"rendered":"INAH acuerda reparar da\u00f1os en la fuente de San Miguel del z\u00f3calo"},"content":{"rendered":"\n<p>El Instituto Nacional de Antropolog\u00eda e Historia (INAH) alcanz\u00f3 un acuerdo con los responsables de los da\u00f1os causados a la fuente de San Miguel, ubicada en el z\u00f3calo de Puebla, tras los hechos ocurridos durante la marcha por el D\u00eda Internacional de las Personas Desaparecidas, el pasado 31 de agosto.<\/p>\n\n\n\n<p>Durante esa manifestaci\u00f3n, un grupo de participantes golpe\u00f3 la fuente con martillos, lo que provoc\u00f3 afectaciones en la estructura catalogada como Patrimonio Cultural de la Humanidad.<\/p>\n\n\n\n<p>Las acciones derivaron en la detenci\u00f3n de cuatro mujeres, quienes fueron liberadas al d\u00eda siguiente bajo la condici\u00f3n de reparar los da\u00f1os al patrimonio.<\/p>\n\n\n\n<p>De acuerdo con fuentes municipales, el INAH y las personas implicadas firmaron un convenio que establece los t\u00e9rminos de la restauraci\u00f3n del monumento.<\/p>\n\n\n\n<p>Aunque el monto econ\u00f3mico no fue revelado, se prev\u00e9 que la rehabilitaci\u00f3n concluya antes de finalizar el a\u00f1o.<\/p>\n\n\n\n<p>El acuerdo busca restituir el valor hist\u00f3rico y est\u00e9tico de la fuente, una de las m\u00e1s representativas del coraz\u00f3n de la capital poblana.<\/p>\n\n\n\n<p>Autoridades del INAH confirmaron que los trabajos se realizar\u00e1n con t\u00e9cnicas de conservaci\u00f3n avaladas por especialistas en bienes patrimoniales.<\/p>\n\n\n\n<p>El d\u00eda del incidente, personal de la Secretar\u00eda General de Gobierno Municipal acompa\u00f1\u00f3 la movilizaci\u00f3n y actu\u00f3 para evitar enfrentamientos entre manifestantes y ciudadanos que se encontraban en la zona.<\/p>\n\n\n\n<p>La dependencia se\u00f1al\u00f3 que su intervenci\u00f3n se limit\u00f3 a preservar la seguridad de las personas presentes.<\/p>\n\n\n\n<p>La fuente de San Miguel, s\u00edmbolo del z\u00f3calo poblano, forma parte del conjunto urbano reconocido por la UNESCO desde 1987 como Patrimonio Mundial.<\/p>\n\n\n\n<p>Su reparaci\u00f3n busca garantizar la conservaci\u00f3n del espacio p\u00fablico m\u00e1s emblem\u00e1tico del centro hist\u00f3rico.<\/p>\n","protected":false},"excerpt":{"rendered":"<p>El Instituto Nacional de Antropolog\u00eda e Historia (INAH) alcanz\u00f3 un acuerdo con los responsables de los da\u00f1os causados a la fuente de San Miguel, ubicada en el z\u00f3calo de Puebla, tras los hechos ocurridos durante la marcha por el D\u00eda Internacional de las Personas Desaparecidas, el pasado 31 de agosto. Durante esa manifestaci\u00f3n, un grupo [&hellip;]<\/p>\n","protected":false},"author":1,"featured_media":69792,"comment_status":"open","ping_status":"open","sticky":false,"template":"","format":"standard","meta":{"om_disable_all_campaigns":false,"_monsterinsights_skip_tracking":false,"_monsterinsights_sitenote_active":false,"_monsterinsights_sitenote_note":"","_monsterinsights_sitenote_category":0,"footnotes":""},"categories":[175],"tags":[223],"class_list":["post-69791","post","type-post","status-publish","format-standard","has-post-thumbnail","hentry","category-local","tag-puebla"],"amp_enabled":true,"_links":{"self":[{"href":"https:\/\/lahora.mx\/index.php\/wp-json\/wp\/v2\/posts\/69791","targetHints":{"allow":["GET"]}}],"collection":[{"href":"https:\/\/lahora.mx\/index.php\/wp-json\/wp\/v2\/posts"}],"about":[{"href":"https:\/\/lahora.mx\/index.php\/wp-json\/wp\/v2\/types\/post"}],"author":[{"embeddable":true,"href":"https:\/\/lahora.mx\/index.php\/wp-json\/wp\/v2\/users\/1"}],"replies":[{"embeddable":true,"href":"https:\/\/lahora.mx\/index.php\/wp-json\/wp\/v2\/comments?post=69791"}],"version-history":[{"count":1,"href":"https:\/\/lahora.mx\/index.php\/wp-json\/wp\/v2\/posts\/69791\/revisions"}],"predecessor-version":[{"id":69793,"href":"https:\/\/lahora.mx\/index.php\/wp-json\/wp\/v2\/posts\/69791\/revisions\/69793"}],"wp:featuredmedia":[{"embeddable":true,"href":"https:\/\/lahora.mx\/index.php\/wp-json\/wp\/v2\/media\/69792"}],"wp:attachment":[{"href":"https:\/\/lahora.mx\/index.php\/wp-json\/wp\/v2\/media?parent=69791"}],"wp:term":[{"taxonomy":"category","embeddable":true,"href":"https:\/\/lahora.mx\/index.php\/wp-json\/wp\/v2\/categories?post=69791"},{"taxonomy":"post_tag","embeddable":true,"href":"https:\/\/lahora.mx\/index.php\/wp-json\/wp\/v2\/tags?post=69791"}],"curies":[{"name":"wp","href":"https:\/\/api.w.org\/{rel}","templated":true}]}}