{"id":69739,"date":"2025-10-17T15:54:03","date_gmt":"2025-10-17T15:54:03","guid":{"rendered":"https:\/\/lahora.mx\/?p=69739"},"modified":"2025-10-17T15:54:04","modified_gmt":"2025-10-17T15:54:04","slug":"atentan-contra-periodista-con-un-coche-bomba-afuera-de-su-casa-en-italia","status":"publish","type":"post","link":"https:\/\/lahora.mx\/index.php\/2025\/10\/17\/atentan-contra-periodista-con-un-coche-bomba-afuera-de-su-casa-en-italia\/","title":{"rendered":"Atentan contra periodista con un coche bomba afuera de su casa en Italia"},"content":{"rendered":"\n<p>La fiscal\u00eda antimafia de Roma abri\u00f3 una investigaci\u00f3n\u00a0<strong>por un atentado que destruy\u00f3 el autom\u00f3vil del periodista de investigaci\u00f3n Sigfrido Ranucci,<\/strong>\u00a0conductor del programa \u201cReport\u201d de la televisi\u00f3n p\u00fablica RAI, en un estallido ocurrido anoche en la localidad de Campo Ascolano,\u00a0al sur de Roma. No hubo v\u00edctimas,\u00a0<strong>pero el veh\u00edculo de su hija y la fachada de su vivienda resultaron da\u00f1ados<\/strong>, seg\u00fan confirmaron el programa y autoridades de seguridad.<\/p>\n\n\n\n<p>El artefacto f<strong>ue colocado bajo el coche del periodista y deton\u00f3 alrededor de las 22:00 horas.<\/strong>\u00a0De acuerdo con el relato de Ranucci a medios italianos, su hija hab\u00eda estacionado y pasado caminando por el lugar \u201cveinte minutos antes del incidente\u201d. El periodista\u00a0<strong>asegur\u00f3 que se habr\u00eda utilizado \u201cal menos un kilo de explosivos\u201d<\/strong>\u00a0y se\u00f1al\u00f3 que en la zona no hay c\u00e1maras que faciliten la identificaci\u00f3n de los autores. Equipos de Carabinieri, polic\u00eda cient\u00edfica y bomberos aseguraron el per\u00edmetro y trabajaron durante la madrugada para recoger evidencias.<\/p>\n\n\n\n<p>Ranucci, bajo protecci\u00f3n policial desde 2014 por amenazas de la mafia,<strong>&nbsp;ha denunciado en los \u00faltimos a\u00f1os un \u201cclima de aislamiento y deslegitimaci\u00f3n\u201d&nbsp;<\/strong>y la recepci\u00f3n de advertencias violentas, entre ellas dos balas dejadas frente a su domicilio. El domingo previo al atentado hab\u00eda anticipado nuevas investigaciones de \u201cReport\u201d sobre organizaciones criminales,&nbsp;<strong>incluidas la \u2019Ndrangheta y la Cosa Nostra.<\/strong><\/p>\n\n\n\n<p>El episodio provoc\u00f3 una ola de condenas. La primera ministra,&nbsp;<strong>Giorgia Meloni, expres\u00f3 su \u201cplena solidaridad\u201d y calific\u00f3 el hecho como \u201cun grave acto de intimidaci\u00f3n\u201d,<\/strong>&nbsp;mientras que el ministro del Interior, Matteo Piantedosi,&nbsp;<strong>orden\u00f3 \u201caumentar al m\u00e1ximo\u201d la seguridad del periodista,<\/strong>&nbsp;de acuerdo con comunicados oficiales citados por la prensa local.<\/p>\n\n\n\n<p>\u201cReport\u201d, emitido por RAI 3, es uno de los programas de investigaci\u00f3n m\u00e1s influyentes del pa\u00eds. En el pasado, sus revelaciones<strong>&nbsp;han tensionado la relaci\u00f3n con figuras del gobierno y provocado campa\u00f1as de descr\u00e9dito contra su equipo.<\/strong>&nbsp;En 2024, debates sobre la independencia editorial de RAI y presiones pol\u00edticas ya hab\u00edan puesto bajo el foco a la radiotelevisi\u00f3n p\u00fablica, un contexto que multiplica el inter\u00e9s por el caso y sus derivadas sobre la libertad de prensa.<\/p>\n\n\n\n<p><strong>Italia mantiene desaf\u00edos persistentes en materia de seguridad para reporteros.&nbsp;<\/strong>Aunque&nbsp;Reporteros Sin Fronteras sit\u00faa al pa\u00eds en el puesto 49 de su clasificaci\u00f3n global de libertad de prensa, hay&nbsp;decenas de periodistas bajo escolta por amenazas del crimen organizado y redes de odio. \u201cLa libertad de prensa en s\u00ed misma enfrenta una amenaza existencial en Italia\u201d, ha advertido la organizaci\u00f3n en valoraciones recientes sobre el entorno de trabajo de los informadores.<\/p>\n","protected":false},"excerpt":{"rendered":"<p>\u201cLa potencia de la explosi\u00f3n fue tal que habr\u00eda podido matar a alguien si hubiera pasado al lado en ese momento\u201d, afirm\u00f3 \u201cReport\u201d en un mensaje en redes sociales.<\/p>\n","protected":false},"author":1,"featured_media":69740,"comment_status":"open","ping_status":"open","sticky":false,"template":"","format":"standard","meta":{"om_disable_all_campaigns":false,"_monsterinsights_skip_tracking":false,"_monsterinsights_sitenote_active":false,"_monsterinsights_sitenote_note":"","_monsterinsights_sitenote_category":0,"footnotes":""},"categories":[183],"tags":[],"class_list":["post-69739","post","type-post","status-publish","format-standard","has-post-thumbnail","hentry","category-internacional"],"amp_enabled":true,"_links":{"self":[{"href":"https:\/\/lahora.mx\/index.php\/wp-json\/wp\/v2\/posts\/69739","targetHints":{"allow":["GET"]}}],"collection":[{"href":"https:\/\/lahora.mx\/index.php\/wp-json\/wp\/v2\/posts"}],"about":[{"href":"https:\/\/lahora.mx\/index.php\/wp-json\/wp\/v2\/types\/post"}],"author":[{"embeddable":true,"href":"https:\/\/lahora.mx\/index.php\/wp-json\/wp\/v2\/users\/1"}],"replies":[{"embeddable":true,"href":"https:\/\/lahora.mx\/index.php\/wp-json\/wp\/v2\/comments?post=69739"}],"version-history":[{"count":1,"href":"https:\/\/lahora.mx\/index.php\/wp-json\/wp\/v2\/posts\/69739\/revisions"}],"predecessor-version":[{"id":69743,"href":"https:\/\/lahora.mx\/index.php\/wp-json\/wp\/v2\/posts\/69739\/revisions\/69743"}],"wp:featuredmedia":[{"embeddable":true,"href":"https:\/\/lahora.mx\/index.php\/wp-json\/wp\/v2\/media\/69740"}],"wp:attachment":[{"href":"https:\/\/lahora.mx\/index.php\/wp-json\/wp\/v2\/media?parent=69739"}],"wp:term":[{"taxonomy":"category","embeddable":true,"href":"https:\/\/lahora.mx\/index.php\/wp-json\/wp\/v2\/categories?post=69739"},{"taxonomy":"post_tag","embeddable":true,"href":"https:\/\/lahora.mx\/index.php\/wp-json\/wp\/v2\/tags?post=69739"}],"curies":[{"name":"wp","href":"https:\/\/api.w.org\/{rel}","templated":true}]}}