{"id":6973,"date":"2022-05-15T20:21:17","date_gmt":"2022-05-15T20:21:17","guid":{"rendered":"http:\/\/lahora.mx\/?p=6973"},"modified":"2022-05-15T20:21:17","modified_gmt":"2022-05-15T20:21:17","slug":"kim-jong-un-admite-que-el-brote-de-covid-19-en-corea-del-norte-es-un-gran-desastre","status":"publish","type":"post","link":"https:\/\/lahora.mx\/index.php\/2022\/05\/15\/kim-jong-un-admite-que-el-brote-de-covid-19-en-corea-del-norte-es-un-gran-desastre\/","title":{"rendered":"Kim Jong-un admite que el brote de Covid-19 en Corea del Norte \u00abes un gran desastre\u00bb"},"content":{"rendered":"\n<p>El brote de&nbsp;<strong>Covid-19<\/strong>&nbsp;que se propaga r\u00e1pidamente en Corea del Norte es un \u00abgran desastre\u00bb para el pa\u00eds, dijo su l\u00edder,&nbsp;<strong>Kim Jong-un<\/strong>, seg\u00fan los medios estatales.<\/p>\n\n\n\n<p>Kim anunci\u00f3 una batalla total para abordar la propagaci\u00f3n del virus durante una reuni\u00f3n de emergencia.<\/p>\n\n\n\n<p>La medida se produce despu\u00e9s de que se confirmaran los primeros casos, aunque los expertos creen que el virus probablemente ha estado circulando durante alg\u00fan tiempo.<\/p>\n\n\n\n<p>Se teme que un brote importante pueda tener consecuencias nefastas en&nbsp;<strong>Corea del Norte<\/strong>.<\/p>\n\n\n\n<p>Su poblaci\u00f3n, de 25 millones, es vulnerable debido a la falta de un programa de vacunaci\u00f3n y un sistema de salud deficiente.<\/p>\n\n\n\n<p>Y el s\u00e1bado, los medios estatales informaron que ha habido&nbsp;<strong>medio mill\u00f3n de casos<\/strong>&nbsp;de fiebre inexplicable en las \u00faltimas semanas. El pa\u00eds tiene una capacidad limitada para hacer test de covid-19, por lo que la mayor\u00eda de los casos no est\u00e1n confirmados.<\/p>\n\n\n\n<p>La cifra marc\u00f3 un aumento importante en los n\u00fameros dados unos d\u00edas antes, lo que podr\u00eda proporcionar alguna indicaci\u00f3n de la escala del brote en el pa\u00eds.<\/p>\n\n\n\n<p>\u00abLa propagaci\u00f3n de la epidemia maligna es [la mayor] agitaci\u00f3n que ha ca\u00eddo sobre nuestro pa\u00eds desde su fundaci\u00f3n\u00bb, dijo Kim, citado por la agencia oficial de noticias KCNA.<\/p>\n\n\n\n<p>Culp\u00f3 de la crisis a la incompetencia burocr\u00e1tica y m\u00e9dica, y sugiri\u00f3 que se pueden aprender lecciones de la respuesta de pa\u00edses como China.<br>Los medios estatales informan que<strong>\u00a027 personas\u00a0<\/strong>han muerto desde abril despu\u00e9s de sufrir fiebre.<\/p>\n\n\n\n<p>Los informes no dicen si dieron positivo por covid, aparte de una muerte en la capital, Pyongyang, que se confirm\u00f3 que era un caso de la variante \u00f3micron.<\/p>\n\n\n\n<p>El reconocimiento sin precedentes\u00a0marc\u00f3 el final de dos a\u00f1os de afirmaciones de Corea del Norte sobre estar libre de covid-19.<\/p>\n\n\n\n<p>El reservado pa\u00eds rechaz\u00f3 las ofertas de la comunidad internacional de suministrar millones de dosis de AstraZeneca y de fabricaci\u00f3n china el a\u00f1o pasado. En cambio, afirm\u00f3 que hab\u00eda controlado la covid-19 al sellar sus fronteras a principios de enero de 2020.<\/p>\n\n\n\n<p>El pa\u00eds comparte fronteras terrestres con Corea del Sur y China, que han luchado contra fuertes brotes. China ahora est\u00e1 luchando por contener una ola de \u00f3micron con bloqueos en sus ciudades m\u00e1s grandes.<\/p>\n\n\n\n<p>En una reuni\u00f3n que deline\u00f3 las nuevas reglas de covid-19, se vio a Kim usando una m\u00e1scara facial en la televisi\u00f3n.<\/p>\n\n\n\n<p>Orden\u00f3 controles de virus de \u00abm\u00e1xima emergencia\u00bb, que parec\u00edan incluir \u00f3rdenes de cierres locales y restricciones de reuni\u00f3n en los lugares de trabajo.<\/p>\n\n\n\n<p>Corea del Sur ha dicho que ofreci\u00f3 ayuda humanitaria despu\u00e9s del anuncio del 12 de mayo, pero Pyongyang a\u00fan no ha respondido.<\/p>\n\n\n\n<p><em>Ahora puedes recibir notificaciones de BBC News Mundo. Descarga la nueva versi\u00f3n de nuestra app y act\u00edvalas para no perderte nuestro mejor contenido<\/em><\/p>\n","protected":false},"excerpt":{"rendered":"<p>El brote de&nbsp;Covid-19&nbsp;que se propaga r\u00e1pidamente en Corea del Norte es un \u00abgran desastre\u00bb para el pa\u00eds, dijo su l\u00edder,&nbsp;Kim Jong-un, seg\u00fan los medios estatales. Kim anunci\u00f3 una batalla total para abordar la propagaci\u00f3n del virus durante una reuni\u00f3n de emergencia. La medida se produce despu\u00e9s de que se confirmaran los primeros casos, aunque los [&hellip;]<\/p>\n","protected":false},"author":4,"featured_media":6974,"comment_status":"open","ping_status":"open","sticky":false,"template":"","format":"standard","meta":{"om_disable_all_campaigns":false,"_monsterinsights_skip_tracking":false,"_monsterinsights_sitenote_active":false,"_monsterinsights_sitenote_note":"","_monsterinsights_sitenote_category":0,"footnotes":""},"categories":[183],"tags":[],"class_list":["post-6973","post","type-post","status-publish","format-standard","has-post-thumbnail","hentry","category-internacional"],"amp_enabled":true,"_links":{"self":[{"href":"https:\/\/lahora.mx\/index.php\/wp-json\/wp\/v2\/posts\/6973","targetHints":{"allow":["GET"]}}],"collection":[{"href":"https:\/\/lahora.mx\/index.php\/wp-json\/wp\/v2\/posts"}],"about":[{"href":"https:\/\/lahora.mx\/index.php\/wp-json\/wp\/v2\/types\/post"}],"author":[{"embeddable":true,"href":"https:\/\/lahora.mx\/index.php\/wp-json\/wp\/v2\/users\/4"}],"replies":[{"embeddable":true,"href":"https:\/\/lahora.mx\/index.php\/wp-json\/wp\/v2\/comments?post=6973"}],"version-history":[{"count":1,"href":"https:\/\/lahora.mx\/index.php\/wp-json\/wp\/v2\/posts\/6973\/revisions"}],"predecessor-version":[{"id":6975,"href":"https:\/\/lahora.mx\/index.php\/wp-json\/wp\/v2\/posts\/6973\/revisions\/6975"}],"wp:featuredmedia":[{"embeddable":true,"href":"https:\/\/lahora.mx\/index.php\/wp-json\/wp\/v2\/media\/6974"}],"wp:attachment":[{"href":"https:\/\/lahora.mx\/index.php\/wp-json\/wp\/v2\/media?parent=6973"}],"wp:term":[{"taxonomy":"category","embeddable":true,"href":"https:\/\/lahora.mx\/index.php\/wp-json\/wp\/v2\/categories?post=6973"},{"taxonomy":"post_tag","embeddable":true,"href":"https:\/\/lahora.mx\/index.php\/wp-json\/wp\/v2\/tags?post=6973"}],"curies":[{"name":"wp","href":"https:\/\/api.w.org\/{rel}","templated":true}]}}