{"id":69706,"date":"2025-10-17T00:15:40","date_gmt":"2025-10-17T00:15:40","guid":{"rendered":"https:\/\/lahora.mx\/?p=69706"},"modified":"2025-10-17T00:15:59","modified_gmt":"2025-10-17T00:15:59","slug":"pese-a-supuesto-cese-al-fuego-israel-bloquea-entrada-de-rescatistas-turcos-a-gaza","status":"publish","type":"post","link":"https:\/\/lahora.mx\/index.php\/2025\/10\/17\/pese-a-supuesto-cese-al-fuego-israel-bloquea-entrada-de-rescatistas-turcos-a-gaza\/","title":{"rendered":"Pese a supuesto cese al fuego, Israel bloquea entrada de rescatistas turcos a Gaza"},"content":{"rendered":"\n<p>A pesar del cese al fuego impuesto por Donald Trump, el Ej\u00e9rcito de Israel declar\u00f3 que no van a permitir la entrada de una delegaci\u00f3n de Turqu\u00eda con 81 rescatistas que pretenden entrar a Gaza para ayudar a las familias palestinas a encontrar fallecidos entre los escombros dejados por los bombardeos de la naci\u00f3n sionista.<\/p>\n\n\n\n<p>Cuando periodistas israel\u00eds cuestionaron el porque de esta decisi\u00f3n, las autoridades sionistas alegaron que no van a permitir la entrada de ninguna ayuda al enclave palestinos hasta que se les entreguen los restos de todos los rehenes fallecidos, una tarea imposible considerando que se necesitan rescatistas para ello.<br><br>Durante una conferencia de prensa el primer ministro de Israel, se\u00f1alado por m\u00faltiples cr\u00edmenes contra la humanidad, Benjam\u00edn Netanyahu, dio a conocer que va a convocar una reuni\u00f3n de altos funcionarios de seguridad para discutir el retorno de los cad\u00e1veres, ya que esto es parte de la segunda fase del plan de paz.<\/p>\n\n\n\n<p>El controversial ministro de Asuntos Exteriores israel\u00ed, Gideon Sa&#8217;ar, conocido por haber propuesto un ataque nuclear contra Ir\u00e1n, acus\u00f3 a las milicias de rebeldes palestinos de estar violando acuerdos de cese al fuego al no entregar cuerpos, pese a que Israel contin\u00faa indiscriminadamente atacando a civiles en Gaza.<\/p>\n","protected":false},"excerpt":{"rendered":"<p>A pesar del cese al fuego impuesto por Donald Trump, el Ej\u00e9rcito de Israel declar\u00f3 que no van a permitir la entrada de una delegaci\u00f3n de Turqu\u00eda con 81 rescatistas que pretenden entrar a Gaza para ayudar a las familias palestinas a encontrar fallecidos entre los escombros dejados por los bombardeos de la naci\u00f3n sionista. [&hellip;]<\/p>\n","protected":false},"author":1,"featured_media":69707,"comment_status":"open","ping_status":"open","sticky":false,"template":"","format":"standard","meta":{"om_disable_all_campaigns":false,"_monsterinsights_skip_tracking":false,"_monsterinsights_sitenote_active":false,"_monsterinsights_sitenote_note":"","_monsterinsights_sitenote_category":0,"footnotes":""},"categories":[183],"tags":[],"class_list":["post-69706","post","type-post","status-publish","format-standard","has-post-thumbnail","hentry","category-internacional"],"amp_enabled":true,"_links":{"self":[{"href":"https:\/\/lahora.mx\/index.php\/wp-json\/wp\/v2\/posts\/69706","targetHints":{"allow":["GET"]}}],"collection":[{"href":"https:\/\/lahora.mx\/index.php\/wp-json\/wp\/v2\/posts"}],"about":[{"href":"https:\/\/lahora.mx\/index.php\/wp-json\/wp\/v2\/types\/post"}],"author":[{"embeddable":true,"href":"https:\/\/lahora.mx\/index.php\/wp-json\/wp\/v2\/users\/1"}],"replies":[{"embeddable":true,"href":"https:\/\/lahora.mx\/index.php\/wp-json\/wp\/v2\/comments?post=69706"}],"version-history":[{"count":1,"href":"https:\/\/lahora.mx\/index.php\/wp-json\/wp\/v2\/posts\/69706\/revisions"}],"predecessor-version":[{"id":69708,"href":"https:\/\/lahora.mx\/index.php\/wp-json\/wp\/v2\/posts\/69706\/revisions\/69708"}],"wp:featuredmedia":[{"embeddable":true,"href":"https:\/\/lahora.mx\/index.php\/wp-json\/wp\/v2\/media\/69707"}],"wp:attachment":[{"href":"https:\/\/lahora.mx\/index.php\/wp-json\/wp\/v2\/media?parent=69706"}],"wp:term":[{"taxonomy":"category","embeddable":true,"href":"https:\/\/lahora.mx\/index.php\/wp-json\/wp\/v2\/categories?post=69706"},{"taxonomy":"post_tag","embeddable":true,"href":"https:\/\/lahora.mx\/index.php\/wp-json\/wp\/v2\/tags?post=69706"}],"curies":[{"name":"wp","href":"https:\/\/api.w.org\/{rel}","templated":true}]}}