{"id":69703,"date":"2025-10-17T00:14:43","date_gmt":"2025-10-17T00:14:43","guid":{"rendered":"https:\/\/lahora.mx\/?p=69703"},"modified":"2025-10-17T00:14:44","modified_gmt":"2025-10-17T00:14:44","slug":"lupita-cuautle-concluye-recorrido-en-juntas-auxiliares-para-dar-a-conocer-su-informe","status":"publish","type":"post","link":"https:\/\/lahora.mx\/index.php\/2025\/10\/17\/lupita-cuautle-concluye-recorrido-en-juntas-auxiliares-para-dar-a-conocer-su-informe\/","title":{"rendered":"Lupita Cuautle concluye recorrido en juntas auxiliares para dar a conocer su informe"},"content":{"rendered":"\n<p>La presidenta municipal de San Andr\u00e9s Cholula, Guadalupe Cuautle Torres concluy\u00f3 su recorrido por las juntas auxiliares para dar a conocer las actividades realizadas en este primer a\u00f1o de gobierno, donde destac\u00f3 el acercamiento ciudadano.<\/p>\n\n\n\n<p>El pasado 11 de octubre, Cuautle Torres rindi\u00f3 su primer informe de actividades en la presidencia municipal y de forma intensa recorri\u00f3 durante cuatro d\u00edas las juntas auxiliares, este d\u00eda por la tarde concluir\u00e1 con este acercamiento, \u201cles llevamos la informaci\u00f3n del trabajo que se realiz\u00f3 en este a\u00f1o, que acciones se han hecho en las comunidades y estamos trabajando en esta parte de comunicar e informar\u201d.<br><br>Puntualiz\u00f3 que se recorrieron todas las juntas auxiliares donde escuchan sugerencias y sobre todo peticiones de los ciudadanos, \u201cqueremos trabajar para ellos\u201d.<\/p>\n\n\n\n<p>En cada localidad fue recibida de diferente manera, en unos fue felicitada en otros recibi\u00f3 quejas, pero cada una de ellas fue tomada en cuenta y atendida para generar seguimiento a las \u00e1reas de oportunidad que se tienen.<\/p>\n\n\n\n<p>As\u00ed lo inform\u00f3 al arrancar la d\u00e9cimo tercera jornada de reforestaci\u00f3n en Concepci\u00f3n Guadalupe donde se sembraron 200 ejemplares sumando a la Universidad Madero e Italpasta.<\/p>\n","protected":false},"excerpt":{"rendered":"<p>La presidenta municipal de San Andr\u00e9s Cholula, Guadalupe Cuautle Torres concluy\u00f3 su recorrido por las juntas auxiliares para dar a conocer las actividades realizadas en este primer a\u00f1o de gobierno, donde destac\u00f3 el acercamiento ciudadano. El pasado 11 de octubre, Cuautle Torres rindi\u00f3 su primer informe de actividades en la presidencia municipal y de forma [&hellip;]<\/p>\n","protected":false},"author":1,"featured_media":69704,"comment_status":"open","ping_status":"open","sticky":false,"template":"","format":"standard","meta":{"om_disable_all_campaigns":false,"_monsterinsights_skip_tracking":false,"_monsterinsights_sitenote_active":false,"_monsterinsights_sitenote_note":"","_monsterinsights_sitenote_category":0,"footnotes":""},"categories":[175,5],"tags":[234],"class_list":["post-69703","post","type-post","status-publish","format-standard","has-post-thumbnail","hentry","category-local","category-politica","tag-cholula"],"amp_enabled":true,"_links":{"self":[{"href":"https:\/\/lahora.mx\/index.php\/wp-json\/wp\/v2\/posts\/69703","targetHints":{"allow":["GET"]}}],"collection":[{"href":"https:\/\/lahora.mx\/index.php\/wp-json\/wp\/v2\/posts"}],"about":[{"href":"https:\/\/lahora.mx\/index.php\/wp-json\/wp\/v2\/types\/post"}],"author":[{"embeddable":true,"href":"https:\/\/lahora.mx\/index.php\/wp-json\/wp\/v2\/users\/1"}],"replies":[{"embeddable":true,"href":"https:\/\/lahora.mx\/index.php\/wp-json\/wp\/v2\/comments?post=69703"}],"version-history":[{"count":1,"href":"https:\/\/lahora.mx\/index.php\/wp-json\/wp\/v2\/posts\/69703\/revisions"}],"predecessor-version":[{"id":69705,"href":"https:\/\/lahora.mx\/index.php\/wp-json\/wp\/v2\/posts\/69703\/revisions\/69705"}],"wp:featuredmedia":[{"embeddable":true,"href":"https:\/\/lahora.mx\/index.php\/wp-json\/wp\/v2\/media\/69704"}],"wp:attachment":[{"href":"https:\/\/lahora.mx\/index.php\/wp-json\/wp\/v2\/media?parent=69703"}],"wp:term":[{"taxonomy":"category","embeddable":true,"href":"https:\/\/lahora.mx\/index.php\/wp-json\/wp\/v2\/categories?post=69703"},{"taxonomy":"post_tag","embeddable":true,"href":"https:\/\/lahora.mx\/index.php\/wp-json\/wp\/v2\/tags?post=69703"}],"curies":[{"name":"wp","href":"https:\/\/api.w.org\/{rel}","templated":true}]}}