{"id":69700,"date":"2025-10-17T00:13:57","date_gmt":"2025-10-17T00:13:57","guid":{"rendered":"https:\/\/lahora.mx\/?p=69700"},"modified":"2025-10-17T00:13:57","modified_gmt":"2025-10-17T00:13:57","slug":"mexico-lidera-denuncias-ante-la-onu-por-desapariciones-forzadas-en-2025","status":"publish","type":"post","link":"https:\/\/lahora.mx\/index.php\/2025\/10\/17\/mexico-lidera-denuncias-ante-la-onu-por-desapariciones-forzadas-en-2025\/","title":{"rendered":"M\u00e9xico lidera denuncias ante la ONU por desapariciones forzadas en 2025"},"content":{"rendered":"\n<p class=\"wp-block-paragraph\">En lo que va del a\u00f1o 2025, el Comit\u00e9 contra la Desaparici\u00f3n Forzada de la Organizaci\u00f3n de las Naciones Unidas (CED-ONU) ha emitido 65 Acciones Urgentes por desapariciones forzadas en M\u00e9xico, lo que mantiene al pa\u00eds como el de mayor n\u00famero de denuncias ante dicho organismo internacional.<\/p>\n\n\n\n<p class=\"wp-block-paragraph\">Seg\u00fan el m\u00e1s reciente informe del CED, publicado el pasado 7 de octubre, M\u00e9xico acumula un total de 779 casos desde 2012, lo que representa el 37.56% de los 2 mil 074 informes registrados a nivel mundial. Esta cifra supera incluso a Irak, que ocupa el segundo lugar con 663 denuncias, seguida por Colombia con 244 y Cuba con 200.<br><br>Durante el \u00faltimo per\u00edodo ordinario del comit\u00e9, comprendido del 1 de marzo al 16 de septiembre de este a\u00f1o, se recibieron 144 nuevos informes, de los cuales el 35% correspondieron a M\u00e9xico. El mismo porcentaje fue registrado por Irak, mientras que Sud\u00e1n, Burkina Faso y Ecuador tambi\u00e9n aparecen entre los pa\u00edses con m\u00e1s reportes, aunque en menor proporci\u00f3n.<\/p>\n\n\n\n<p class=\"wp-block-paragraph\">El informe detalla que 127 de las v\u00edctimas recientes eran hombres o ni\u00f1os, mientras que 17 eran mujeres o ni\u00f1as. Adem\u00e1s, 13 de las personas desaparecidas eran menores de edad, ocho eran defensores de derechos humanos, dos pertenec\u00edan a pueblos ind\u00edgenas, tres ten\u00edan alguna discapacidad y dos eran adultos mayores.<\/p>\n\n\n\n<p class=\"wp-block-paragraph\">Del total de casos mexicanos reportados entre mayo de 2014 y junio de 2025, al menos 22 ocurrieron entre 2024 y lo que va del presente a\u00f1o. Las desapariciones se concentraron principalmente en Baja California (29 casos), seguida de Jalisco (5), Guanajuato (4), Michoac\u00e1n (3), Zacatecas y Ciudad de M\u00e9xico (2 cada una), y con un caso por estado en Tamaulipas, Colima, Guerrero, Veracruz y Sinaloa.<\/p>\n\n\n\n<p class=\"wp-block-paragraph\">Los reportes m\u00e1s graves provienen de Baja California, donde las v\u00edctimas habr\u00edan sido privadas de la libertad por agentes municipales o individuos uniformados durante supuestas operaciones policiales. En Ensenada, por ejemplo, trabajadores de la construcci\u00f3n fueron detenidos por polic\u00edas locales y algunos permanecen desaparecidos. En otro caso, una mujer y cuatro hombres fueron secuestrados de un rancho con evidencias de violencia.<\/p>\n\n\n\n<p class=\"wp-block-paragraph\">En Jalisco, los casos involucran directamente a elementos del Estado o a hombres armados, y se presume colusi\u00f3n entre autoridades y grupos delictivos. Incluso, siete guardias municipales de Teocaltiche cuentan con \u00f3rdenes de aprehensi\u00f3n por su presunta implicaci\u00f3n, pero no han sido capturados.<\/p>\n\n\n\n<p class=\"wp-block-paragraph\">El comit\u00e9 tambi\u00e9n document\u00f3 la desaparici\u00f3n de Jos\u00e9 Juan Arias Sol\u00eds, un adolescente de 14 a\u00f1os presuntamente detenido por la Guardia Nacional y el Ej\u00e9rcito en Guanajuato. Su paradero es desconocido y las autoridades no han dado respuesta. Su padre, Jos\u00e9 Francisco Arias, l\u00edder del colectivo Hasta Encontrarte, fue secuestrado el 9 de junio, y su hijo Jaime fue asesinado durante el mismo hecho.<\/p>\n\n\n\n<p class=\"wp-block-paragraph\">El informe advierte que las desapariciones suelen ocurrir en contextos donde se reportan v\u00ednculos entre autoridades y grupos criminales, as\u00ed como deficiencias en los procesos de b\u00fasqueda e investigaci\u00f3n. En muchos casos, las autoridades no implementan estrategias integrales ni cumplen con los protocolos oficiales o est\u00e1ndares internacionales.<\/p>\n\n\n\n<p class=\"wp-block-paragraph\">El CED se\u00f1al\u00f3 que los trabajos de b\u00fasqueda en M\u00e9xico se han limitado, en su mayor\u00eda, a verificar registros oficiales sin acciones activas de localizaci\u00f3n. Adem\u00e1s, denunci\u00f3 que los familiares de las v\u00edctimas enfrentan restricciones para acceder a los expedientes, dificultades para comunicarse con fiscales o asesores legales, y una falta generalizada de protecci\u00f3n frente a amenazas e intimidaciones.<\/p>\n\n\n\n<p class=\"wp-block-paragraph\">Pese a que el Estado mexicano ha respondido formalmente a las Acciones Urgentes, el comit\u00e9 sostiene que persisten graves omisiones en la planificaci\u00f3n y ejecuci\u00f3n de b\u00fasquedas, y que en muchos casos las respuestas oficiales se reducen a cruzar datos en bases administrativas, sin esfuerzos reales para encontrar a las personas desaparecidas.<\/p>\n","protected":false},"excerpt":{"rendered":"<p>En lo que va del a\u00f1o 2025, el Comit\u00e9 contra la Desaparici\u00f3n Forzada de la Organizaci\u00f3n de las Naciones Unidas (CED-ONU) ha emitido 65 Acciones Urgentes por desapariciones forzadas en M\u00e9xico, lo que mantiene al pa\u00eds como el de mayor n\u00famero de denuncias ante dicho organismo internacional. Seg\u00fan el m\u00e1s reciente informe del CED, publicado [&hellip;]<\/p>\n","protected":false},"author":1,"featured_media":69701,"comment_status":"open","ping_status":"open","sticky":false,"template":"","format":"standard","meta":{"om_disable_all_campaigns":false,"_monsterinsights_skip_tracking":false,"footnotes":""},"categories":[176],"tags":[],"class_list":["post-69700","post","type-post","status-publish","format-standard","has-post-thumbnail","hentry","category-nacional"],"amp_enabled":true,"_links":{"self":[{"href":"https:\/\/lahora.mx\/index.php\/wp-json\/wp\/v2\/posts\/69700","targetHints":{"allow":["GET"]}}],"collection":[{"href":"https:\/\/lahora.mx\/index.php\/wp-json\/wp\/v2\/posts"}],"about":[{"href":"https:\/\/lahora.mx\/index.php\/wp-json\/wp\/v2\/types\/post"}],"author":[{"embeddable":true,"href":"https:\/\/lahora.mx\/index.php\/wp-json\/wp\/v2\/users\/1"}],"replies":[{"embeddable":true,"href":"https:\/\/lahora.mx\/index.php\/wp-json\/wp\/v2\/comments?post=69700"}],"version-history":[{"count":1,"href":"https:\/\/lahora.mx\/index.php\/wp-json\/wp\/v2\/posts\/69700\/revisions"}],"predecessor-version":[{"id":69702,"href":"https:\/\/lahora.mx\/index.php\/wp-json\/wp\/v2\/posts\/69700\/revisions\/69702"}],"wp:featuredmedia":[{"embeddable":true,"href":"https:\/\/lahora.mx\/index.php\/wp-json\/wp\/v2\/media\/69701"}],"wp:attachment":[{"href":"https:\/\/lahora.mx\/index.php\/wp-json\/wp\/v2\/media?parent=69700"}],"wp:term":[{"taxonomy":"category","embeddable":true,"href":"https:\/\/lahora.mx\/index.php\/wp-json\/wp\/v2\/categories?post=69700"},{"taxonomy":"post_tag","embeddable":true,"href":"https:\/\/lahora.mx\/index.php\/wp-json\/wp\/v2\/tags?post=69700"}],"curies":[{"name":"wp","href":"https:\/\/api.w.org\/{rel}","templated":true}]}}