{"id":69674,"date":"2025-10-16T21:41:58","date_gmt":"2025-10-16T21:41:58","guid":{"rendered":"https:\/\/lahora.mx\/?p=69674"},"modified":"2025-10-17T04:13:24","modified_gmt":"2025-10-17T04:13:24","slug":"tlaxcala-encabeza-la-coordinacion-nacional-de-educacion-migrante-para-el-periodo-2025-2027","status":"publish","type":"post","link":"https:\/\/lahora.mx\/index.php\/2025\/10\/16\/tlaxcala-encabeza-la-coordinacion-nacional-de-educacion-migrante-para-el-periodo-2025-2027\/","title":{"rendered":"Tlaxcala encabeza la Coordinaci\u00f3n Nacional de Educaci\u00f3n Migrante para el periodo 2025-2027"},"content":{"rendered":"\n<p>Por primera vez en la historia, Tlaxcala asumir\u00e1 la Coordinaci\u00f3n Nacional del Programa Binacional de Educaci\u00f3n Migrante (Probem), tras resultar electa durante la XXXII Reuni\u00f3n Nacional celebrada el nueve y 10 de octubre en la sede de la Secretar\u00eda de Relaciones Exteriores (SRE), en la Ciudad de M\u00e9xico.<\/p>\n\n\n\n<p>La representaci\u00f3n la tendr\u00e1 Christi Corona Dur\u00e1n, titular del Probem en Tlaxcala, quien encabezar\u00e1 la responsabilidad nacional durante el periodo 2025-2027. La propuesta de plan de trabajo de la funcionaria local fue respaldada por la mayor\u00eda de las entidades federativas participantes, que fueron Aguascalientes, Baja California, Guanajuato, Hidalgo, Jalisco, Michoac\u00e1n, Morelos, Puebla, Tamaulipas, Tabasco, Veracruz y Yucat\u00e1n, entre otros. La vicecoordinaci\u00f3n qued\u00f3 en manos del estado de Michoac\u00e1n.<\/p>\n\n\n\n<p>En el encuentro participaron Tatiana Clouthier Carrillo, titular del Instituto de Mexicanas y Mexicanos en el Exterior y de la SRE; as\u00ed como Mario Mart\u00edn Delgado Carrillo, secretario de Educaci\u00f3n P\u00fablica, quienes refrendaron el compromiso de ambas dependencias con la educaci\u00f3n de ni\u00f1as, ni\u00f1os y j\u00f3venes en situaci\u00f3n migrante.<\/p>\n\n\n\n<p>REUNI\u00d3N NACIONAL PROBEM 2025<br>Representantes de las entidades del pa\u00eds acudieron a la Reuni\u00f3n Nacional para definir los trabajos para el 2026. Cortes\u00eda \/ Christi Corona Dur\u00e1n<\/p>\n\n\n\n<p>\u201cEste logro es resultado de un trabajo coordinado que responde al llamado de nuestra Gobernadora, de garantizar que todas y todos los ni\u00f1os migrantes tengan acceso a su derecho inalienable a la educaci\u00f3n\u201d, subray\u00f3 Corona Dur\u00e1n, al reconocer el respaldo del secretario de Educaci\u00f3n P\u00fablica de Tlaxcala, Homero Meneses Hern\u00e1ndez, y del director de Evaluaci\u00f3n Educativa, Sergio Enrique Res\u00e9ndiz Flores.<\/p>\n\n\n\n<p>El nombramiento de Christi Corona Dur\u00e1n fue signado por Graciela B\u00e1ez Ricardez, directora general de Cooperaci\u00f3n Educativa con los Sectores Social y Privado de la Secretar\u00eda de Educaci\u00f3n P\u00fablica (SEP), y avalado por el secretario Mario Delgado.<\/p>\n\n\n\n<p>La Coordinaci\u00f3n Nacional del Probem se encarga de difundir el plan nacional de trabajo del programa en M\u00e9xico y Estados Unidos, organizar capacitaciones, impulsar protocolos de acceso a escuelas y fomentar la colaboraci\u00f3n mediante actividades de intercambio docente.<\/p>\n\n\n\n<p>En la inauguraci\u00f3n de la reuni\u00f3n nacional, Mario Delgado destac\u00f3 que Probem fortalece la ense\u00f1anza del espa\u00f1ol, la identidad cultural y el biling\u00fcismo, adem\u00e1s de garantizar la continuidad educativa de estudiantes migrantes que cursan parte del ciclo escolar en ambos pa\u00edses.<\/p>\n\n\n\n<p>TLAXCALA CHRISTI CORONA &#8211; COORDINACI\u00d3N NACIONAL<br>La funcionaria de Tlaxcala Christi Corona Dur\u00e1n encabezar\u00e1 la Coordinaci\u00f3n Nacional Probem durante 2025 a 2027 para favorecer la educaci\u00f3n migrante y el intercambio de docentes. Cortes\u00eda \/ Christi Corona Dur\u00e1n<br>En el evento fue renovado el convenio interinstitucional entre la SEP, la SRE y el Instituto de Mexicanas y Mexicanos en el Exterior con el objetivo de facilitar el acceso escolar, fortalecer la identidad cultural y ling\u00fc\u00edstica, profundizar la cooperaci\u00f3n educativa binacional e impulsar el acceso a la educaci\u00f3n superior para la comunidad migrante mexicana.<\/p>\n\n\n\n<p>Finalmente, con la designaci\u00f3n, desde Tlaxcala se consolidar\u00e1 el trabajo para priorizar el acceso de ni\u00f1as y ni\u00f1os migrantes a las aulas y ser\u00e1 protag\u00f3nico en la pol\u00edtica educativa binacional.<\/p>\n","protected":false},"excerpt":{"rendered":"<p>Por primera vez en la historia, Tlaxcala asumir\u00e1 la Coordinaci\u00f3n Nacional del Programa Binacional de Educaci\u00f3n Migrante (Probem), tras resultar electa durante la XXXII Reuni\u00f3n Nacional celebrada el nueve y 10 de octubre en la sede de la Secretar\u00eda de Relaciones Exteriores (SRE), en la Ciudad de M\u00e9xico. La representaci\u00f3n la tendr\u00e1 Christi Corona Dur\u00e1n, [&hellip;]<\/p>\n","protected":false},"author":1,"featured_media":69675,"comment_status":"open","ping_status":"open","sticky":false,"template":"","format":"standard","meta":{"om_disable_all_campaigns":false,"_monsterinsights_skip_tracking":false,"_monsterinsights_sitenote_active":false,"_monsterinsights_sitenote_note":"","_monsterinsights_sitenote_category":0,"footnotes":""},"categories":[5],"tags":[210],"class_list":["post-69674","post","type-post","status-publish","format-standard","has-post-thumbnail","hentry","category-politica","tag-tlaxcala"],"amp_enabled":true,"_links":{"self":[{"href":"https:\/\/lahora.mx\/index.php\/wp-json\/wp\/v2\/posts\/69674","targetHints":{"allow":["GET"]}}],"collection":[{"href":"https:\/\/lahora.mx\/index.php\/wp-json\/wp\/v2\/posts"}],"about":[{"href":"https:\/\/lahora.mx\/index.php\/wp-json\/wp\/v2\/types\/post"}],"author":[{"embeddable":true,"href":"https:\/\/lahora.mx\/index.php\/wp-json\/wp\/v2\/users\/1"}],"replies":[{"embeddable":true,"href":"https:\/\/lahora.mx\/index.php\/wp-json\/wp\/v2\/comments?post=69674"}],"version-history":[{"count":1,"href":"https:\/\/lahora.mx\/index.php\/wp-json\/wp\/v2\/posts\/69674\/revisions"}],"predecessor-version":[{"id":69676,"href":"https:\/\/lahora.mx\/index.php\/wp-json\/wp\/v2\/posts\/69674\/revisions\/69676"}],"wp:featuredmedia":[{"embeddable":true,"href":"https:\/\/lahora.mx\/index.php\/wp-json\/wp\/v2\/media\/69675"}],"wp:attachment":[{"href":"https:\/\/lahora.mx\/index.php\/wp-json\/wp\/v2\/media?parent=69674"}],"wp:term":[{"taxonomy":"category","embeddable":true,"href":"https:\/\/lahora.mx\/index.php\/wp-json\/wp\/v2\/categories?post=69674"},{"taxonomy":"post_tag","embeddable":true,"href":"https:\/\/lahora.mx\/index.php\/wp-json\/wp\/v2\/tags?post=69674"}],"curies":[{"name":"wp","href":"https:\/\/api.w.org\/{rel}","templated":true}]}}