{"id":69667,"date":"2025-10-16T19:03:15","date_gmt":"2025-10-16T19:03:15","guid":{"rendered":"https:\/\/lahora.mx\/?p=69667"},"modified":"2025-10-16T19:03:16","modified_gmt":"2025-10-16T19:03:16","slug":"investigan-terrorismo-por-ataque-con-drones-a-fiscalia-de-baja-california","status":"publish","type":"post","link":"https:\/\/lahora.mx\/index.php\/2025\/10\/16\/investigan-terrorismo-por-ataque-con-drones-a-fiscalia-de-baja-california\/","title":{"rendered":"Investigan terrorismo por ataque con drones a Fiscal\u00eda de Baja California"},"content":{"rendered":"\n<p>Desde varios drones lanzaron en simultaneo distintos artefactos explosivos a las instalaciones ubicadas en Tijuana de la Fiscal\u00eda General del Estado (FGE) de Baja California ya entrada la noche de ayer; el ataque se investiga como terrorismo.<\/p>\n\n\n\n<p>Se trat\u00f3 del tercer ataque que se registra en menos de un mes en la entidad fronteriza contra inmuebles de la dependencia; los dos anteriores fueron simult\u00e1neos el 20 de septiembre pasado, pero en Ensenada.<\/p>\n\n\n\n<p>Acorde con la fiscal general bajacaliforniana, Mar\u00eda Elena Andrade Ram\u00edrez, las tres ofensivas podr\u00edan estar relacionadas; se investigar\u00e1 como \u201cterrorismo y lo que resulte, conforme se den los hechos\u201d, asever\u00f3 ayer en rueda de prensa, seg\u00fan el medio Zeta.<\/p>\n\n\n\n<p>La rueda de prensa al respecto se llev\u00f3 a cabo a las 01:016 horas de este jueves; en ella la fiscal Andrade conden\u00f3 los hechos y asegur\u00f3 que son la reacci\u00f3n de los grupos criminales ante su labor.<\/p>\n\n\n\n<p>El ataque<br>Cerca de las 19:00 horas de ayer agentes federales y estatales reportaron un incidente: varios drones ingresaron por aire a las instalaciones de la divisi\u00f3n antisecuestros de la FGE de Baja California, ubicada en Tijuana.<\/p>\n\n\n\n<p>Bajaron hasta los tres metros de distancia del suelo y dejaron caer varios artefactos elaborados dom\u00e9sticamente; se mantuvieron algunos instantes en el sitio y se fueron.<\/p>\n\n\n\n<p>Al tocar el suelo, los balines y clavos que ten\u00edan dentro salieron disparados e impactaron contra veh\u00edculos estacionados en el inmueble.<\/p>\n\n\n\n<p>\u201cTiene alg\u00fan aditamento el dron donde al momento que llega al punto debe soltar el artefacto (\u2026) al momento que hace contacto con el piso es cuando hace la detonaci\u00f3n y las diversas esquirlas, cuestiones met\u00e1licas, hasta canicas (impactan) en cuesti\u00f3n de segundos el dron solt\u00f3 el artefacto y se retir\u00f3\u201d, precis\u00f3 al respecto Miguel \u00c1ngel Gaxiola, fiscal especializado en homicidios en Baja California.<\/p>\n\n\n\n<p>En un inici\u00f3 se se\u00f1alaron seis patrullas afectadas, pero la fiscal general asegur\u00f3 que fueron cuatro veh\u00edculos con da\u00f1os; tres de particulares y solo uno oficial.<\/p>\n\n\n\n<p>Aunque se especul\u00f3 sobre un ataque armado, la idea se descart\u00f3; s\u00ed hubo disparos, pero los realizaron agentes de la Guardia Nacional que se encontraban en el edificio de la FGE de Baja California, quienes trataron de derribar los drones.<\/p>\n\n\n\n<p>\u201cSi se llevaron a cabo esos disparos. Hay que tomar en cuenta que fue un ataque repentino que tambi\u00e9n se vieron vulnerados (los agentes de la GN) en su seguridad. Ah\u00ed estaba el dron, pero no se sabe si detr\u00e1s de la barda pod\u00eda haber otro tipo de peligro\u201d, sostuvo Mar\u00eda Elena Andrade Ram\u00edrez.<\/p>\n\n\n\n<p>La fiscal adjudic\u00f3 los ataques en respuesta a los m\u00e1s de dos mil cateos que realiz\u00f3 la dependencia desde enero de este a\u00f1o: \u201cLlevamos dos mil 66 cateos de enero a la fecha, m\u00e1s los de esta noche (\u2026) es estar trabajando y no dejar en estado de comodidad a criminales\u201d, sentenci\u00f3.<\/p>\n\n\n\n<p>Los incendios de septiembre<br>La noche del 20 de septiembre pasado dos ataques se realizaron en simultaneo contra instalaciones de la fiscal\u00eda bajacaliforniana. Balearon veh\u00edculos oficiales e incendiaron tres patrullas.<\/p>\n\n\n\n<p>Por separado, dos grupos de hombres con armas largas ingresaron a instalaciones de la dependencia, amagaron a los guardias de seguridad, dispararon contra veh\u00edculos y les prendieron fuego.<\/p>\n\n\n\n<p>Acorde con La Jornada, los sitios se ubicaron en la calle \u00c9bano de la colonia Praderas del Cipr\u00e9s del puerto de Ensenada, y la calle 9 de la colonia Bustamante. Los sitios est\u00e1n a unos ocho kil\u00f3metros de distancia entre s\u00ed.<\/p>\n","protected":false},"excerpt":{"rendered":"<p>Desde varios drones lanzaron en simultaneo distintos artefactos explosivos a las instalaciones ubicadas en Tijuana de la Fiscal\u00eda General del Estado (FGE) de Baja California ya entrada la noche de ayer; el ataque se investiga como terrorismo. Se trat\u00f3 del tercer ataque que se registra en menos de un mes en la entidad fronteriza contra [&hellip;]<\/p>\n","protected":false},"author":1,"featured_media":69668,"comment_status":"open","ping_status":"open","sticky":false,"template":"","format":"standard","meta":{"om_disable_all_campaigns":false,"_monsterinsights_skip_tracking":false,"_monsterinsights_sitenote_active":false,"_monsterinsights_sitenote_note":"","_monsterinsights_sitenote_category":0,"footnotes":""},"categories":[183],"tags":[],"class_list":["post-69667","post","type-post","status-publish","format-standard","has-post-thumbnail","hentry","category-internacional"],"amp_enabled":true,"_links":{"self":[{"href":"https:\/\/lahora.mx\/index.php\/wp-json\/wp\/v2\/posts\/69667","targetHints":{"allow":["GET"]}}],"collection":[{"href":"https:\/\/lahora.mx\/index.php\/wp-json\/wp\/v2\/posts"}],"about":[{"href":"https:\/\/lahora.mx\/index.php\/wp-json\/wp\/v2\/types\/post"}],"author":[{"embeddable":true,"href":"https:\/\/lahora.mx\/index.php\/wp-json\/wp\/v2\/users\/1"}],"replies":[{"embeddable":true,"href":"https:\/\/lahora.mx\/index.php\/wp-json\/wp\/v2\/comments?post=69667"}],"version-history":[{"count":1,"href":"https:\/\/lahora.mx\/index.php\/wp-json\/wp\/v2\/posts\/69667\/revisions"}],"predecessor-version":[{"id":69669,"href":"https:\/\/lahora.mx\/index.php\/wp-json\/wp\/v2\/posts\/69667\/revisions\/69669"}],"wp:featuredmedia":[{"embeddable":true,"href":"https:\/\/lahora.mx\/index.php\/wp-json\/wp\/v2\/media\/69668"}],"wp:attachment":[{"href":"https:\/\/lahora.mx\/index.php\/wp-json\/wp\/v2\/media?parent=69667"}],"wp:term":[{"taxonomy":"category","embeddable":true,"href":"https:\/\/lahora.mx\/index.php\/wp-json\/wp\/v2\/categories?post=69667"},{"taxonomy":"post_tag","embeddable":true,"href":"https:\/\/lahora.mx\/index.php\/wp-json\/wp\/v2\/tags?post=69667"}],"curies":[{"name":"wp","href":"https:\/\/api.w.org\/{rel}","templated":true}]}}