{"id":69664,"date":"2025-10-16T19:01:56","date_gmt":"2025-10-16T19:01:56","guid":{"rendered":"https:\/\/lahora.mx\/?p=69664"},"modified":"2025-10-16T19:01:57","modified_gmt":"2025-10-16T19:01:57","slug":"antonio-permanecio-15-anos-muerto-en-su-cama-y-nadie-lo-noto","status":"publish","type":"post","link":"https:\/\/lahora.mx\/index.php\/2025\/10\/16\/antonio-permanecio-15-anos-muerto-en-su-cama-y-nadie-lo-noto\/","title":{"rendered":"Antonio permaneci\u00f3 15 a\u00f1os muerto en su cama y nadie lo not\u00f3"},"content":{"rendered":"\n<p>La fuerte lluvia que cay\u00f3 el pasado fin de semana en la ciudad de Valencia destap\u00f3 una historia tan sobrecogedora como reveladora sobre la soledad de los adultos mayores. El cuerpo momificado de Antonio Famoso, un hombre de 86 a\u00f1os que llevaba m\u00e1s de 15 a\u00f1os muerto sin que nadie lo notara, fue hallado en su vivienda del barrio de La Fuensanta, despu\u00e9s de que una filtraci\u00f3n de agua alertara a una vecina.<\/p>\n\n\n\n<p>Seg\u00fan informaron medios locales como Levante-EMV, el cad\u00e1ver fue descubierto cuando la vecina del piso inferior report\u00f3 una fuga de agua maloliente y oscura proveniente del apartamento superior. Los equipos de emergencia entraron por una ventana y encontraron el cuerpo vestido y momificado, rodeado de palomas muertas y excrementos, dentro de una vivienda convertida en un improvisado palomar.<br><br>Antonio era descrito por los vecinos como un hombre reservado y de rutina fija. Iba al supermercado, al bar y daba paseos diarios, pero evitaba el contacto social. Tras separarse de su esposa y romper relaci\u00f3n con sus dos hijos hace m\u00e1s de tres d\u00e9cadas, viv\u00eda completamente solo.<\/p>\n\n\n\n<p>Cuando dej\u00f3 de verse en el vecindario, muchos creyeron que hab\u00eda ingresado en una residencia. Nadie sospech\u00f3 que hab\u00eda fallecido en su hogar y que su cuerpo permanec\u00eda all\u00ed, intacto, durante tres lustros.<br>La vida que continu\u00f3 en los papeles<br>Uno de los aspectos m\u00e1s desconcertantes del caso es que, durante todos estos a\u00f1os, las facturas y deudas siguieron pag\u00e1ndose desde la cuenta bancaria de Antonio, donde tambi\u00e9n continu\u00f3 ingres\u00e1ndose su pensi\u00f3n. Incluso cuando dej\u00f3 de abonar los gastos de la comunidad, el juzgado orden\u00f3 el embargo de su cuenta y retir\u00f3 m\u00e1s de 11.000 euros para saldar la deuda, sin que nadie comprobara si el hombre segu\u00eda con vida.<\/p>\n\n\n\n<p>En los registros oficiales, Antonio figuraba como vivo y al corriente de pagos, un reflejo burocr\u00e1tico de una realidad social: mientras se pague, nadie pregunta.<\/p>\n\n\n\n<p>Una tragedia que refleja la soledad de los mayores<br>El hallazgo del cad\u00e1ver de Antonio reabre el debate sobre la soledad no deseada en las personas mayores. Un estudio reciente de la Fundaci\u00f3n La Caixa revela que el 64% de los mayores en Espa\u00f1a siente soledad, y casi un 15% la vive de forma grave o muy grave.<\/p>\n\n\n\n<p>En barrios como La Fuensanta, donde el vecindario envejece y la vida comunitaria se debilita, la historia de Antonio no es un caso aislado, sino el s\u00edntoma de un problema estructural que pasa inadvertido hasta que ocurre una tragedia.<\/p>\n\n\n\n<p>La lluvia que lo devolvi\u00f3 a la vida p\u00fablica<br>El destino quiso que fuera la inundaci\u00f3n de su vivienda, provocada por las intensas lluvias registradas en Valencia, la que finalmente sacara a la luz esta historia. La autopsia determinar\u00e1 la fecha y causa exacta del fallecimiento, aunque todo apunta a una muerte natural ocurrida en la m\u00e1s absoluta soledad.<\/p>\n\n\n\n<p>Los vecinos de La Fuensanta a\u00fan procesan la conmoci\u00f3n de haber convivido, durante 15 a\u00f1os, pared con pared con un cad\u00e1ver, sin sospecharlo. \u201cPens\u00e1bamos que se hab\u00eda ido a una residencia\u201d, repiten con culpa y tristeza.<\/p>\n","protected":false},"excerpt":{"rendered":"<p>La fuerte lluvia que cay\u00f3 el pasado fin de semana en la ciudad de Valencia destap\u00f3 una historia tan sobrecogedora como reveladora sobre la soledad de los adultos mayores. El cuerpo momificado de Antonio Famoso, un hombre de 86 a\u00f1os que llevaba m\u00e1s de 15 a\u00f1os muerto sin que nadie lo notara, fue hallado en [&hellip;]<\/p>\n","protected":false},"author":1,"featured_media":69665,"comment_status":"open","ping_status":"open","sticky":false,"template":"","format":"standard","meta":{"om_disable_all_campaigns":false,"_monsterinsights_skip_tracking":false,"_monsterinsights_sitenote_active":false,"_monsterinsights_sitenote_note":"","_monsterinsights_sitenote_category":0,"footnotes":""},"categories":[175,226],"tags":[],"class_list":["post-69664","post","type-post","status-publish","format-standard","has-post-thumbnail","hentry","category-local","category-policia"],"amp_enabled":true,"_links":{"self":[{"href":"https:\/\/lahora.mx\/index.php\/wp-json\/wp\/v2\/posts\/69664","targetHints":{"allow":["GET"]}}],"collection":[{"href":"https:\/\/lahora.mx\/index.php\/wp-json\/wp\/v2\/posts"}],"about":[{"href":"https:\/\/lahora.mx\/index.php\/wp-json\/wp\/v2\/types\/post"}],"author":[{"embeddable":true,"href":"https:\/\/lahora.mx\/index.php\/wp-json\/wp\/v2\/users\/1"}],"replies":[{"embeddable":true,"href":"https:\/\/lahora.mx\/index.php\/wp-json\/wp\/v2\/comments?post=69664"}],"version-history":[{"count":1,"href":"https:\/\/lahora.mx\/index.php\/wp-json\/wp\/v2\/posts\/69664\/revisions"}],"predecessor-version":[{"id":69666,"href":"https:\/\/lahora.mx\/index.php\/wp-json\/wp\/v2\/posts\/69664\/revisions\/69666"}],"wp:featuredmedia":[{"embeddable":true,"href":"https:\/\/lahora.mx\/index.php\/wp-json\/wp\/v2\/media\/69665"}],"wp:attachment":[{"href":"https:\/\/lahora.mx\/index.php\/wp-json\/wp\/v2\/media?parent=69664"}],"wp:term":[{"taxonomy":"category","embeddable":true,"href":"https:\/\/lahora.mx\/index.php\/wp-json\/wp\/v2\/categories?post=69664"},{"taxonomy":"post_tag","embeddable":true,"href":"https:\/\/lahora.mx\/index.php\/wp-json\/wp\/v2\/tags?post=69664"}],"curies":[{"name":"wp","href":"https:\/\/api.w.org\/{rel}","templated":true}]}}