{"id":69652,"date":"2025-10-16T17:22:48","date_gmt":"2025-10-16T17:22:48","guid":{"rendered":"https:\/\/lahora.mx\/?p=69652"},"modified":"2025-10-16T17:22:48","modified_gmt":"2025-10-16T17:22:48","slug":"localizan-a-3-personas-mas-en-la-sierra-norte-de-puebla-ya-son-18-las-victimas-tras-lluvias","status":"publish","type":"post","link":"https:\/\/lahora.mx\/index.php\/2025\/10\/16\/localizan-a-3-personas-mas-en-la-sierra-norte-de-puebla-ya-son-18-las-victimas-tras-lluvias\/","title":{"rendered":"Localizan a 3 personas m\u00e1s en la Sierra Norte de Puebla; ya son 18 las v\u00edctimas tras lluvias"},"content":{"rendered":"\n<p>En el transcurso del d\u00eda de ayer, personal de la Comisi\u00f3n de B\u00fasqueda de Personas del Estado de Puebla, logr\u00f3 la localizaci\u00f3n de 3 ciudadanos lamentablemente sin vida, a consecuencia de las fuertes lluvias registradas en el norte de la entidad.<\/p>\n\n\n\n<p>Como resultado de las acciones de b\u00fasqueda y rescate realizadas en diferentes municipios, se localizaron a dos personas que contaban con ficha de b\u00fasqueda y una m\u00e1s, sin ficha, pero que fue localizada durante las labores.<br>Se trata de:<\/p>\n\n\n\n<ul class=\"wp-block-list\">\n<li>Rey Hern\u00e1ndez Carballo, de 17 a\u00f1os, originario del municipio de Tlacuilotepec.<\/li>\n\n\n\n<li>Juana Aurelia Valencei Gonz\u00e1lez, de 70 a\u00f1os, originaria del municipio de Naupan.<\/li>\n\n\n\n<li>Santiago Ju\u00e1rez P\u00e9rez de 71 a\u00f1os, de Naupan.<br>Las labores de b\u00fasqueda se llevaron a cabo en coordinaci\u00f3n con autoridades municipales, estatales y federales, bajo un enfoque humanitario y con el uso de tecnolog\u00eda especializada para la localizaci\u00f3n en zonas de dif\u00edcil acceso.<\/li>\n<\/ul>\n\n\n\n<p>Al momento, ya son 18 personas fallecidas y a\u00fan se cuenta con 5 desaparecidas y con ficha de b\u00fasqueda:<\/p>\n\n\n\n<p>Albino Calder\u00f3n Islas, 82 a\u00f1os, de Naupan.<\/p>\n\n\n\n<p>L\u00e1zaro Gayosso Rodr\u00edguez, 40 a\u00f1os de Huauchinango.<\/p>\n\n\n\n<p>Liam Tadeo Gonz\u00e1lez Lechuga, 6 a\u00f1os, de Huauchinango.<\/p>\n\n\n\n<p>Pedro Segura Mu\u00f1oz, 75 a\u00f1os de originario de Tetela de Ocampo.<\/p>\n\n\n\n<p>Sergio Franco Ju\u00e1rez, 70 a\u00f1os, de Huauchinango.<\/p>\n","protected":false},"excerpt":{"rendered":"<p>En el transcurso del d\u00eda de ayer, personal de la Comisi\u00f3n de B\u00fasqueda de Personas del Estado de Puebla, logr\u00f3 la localizaci\u00f3n de 3 ciudadanos lamentablemente sin vida, a consecuencia de las fuertes lluvias registradas en el norte de la entidad. Como resultado de las acciones de b\u00fasqueda y rescate realizadas en diferentes municipios, se [&hellip;]<\/p>\n","protected":false},"author":1,"featured_media":69653,"comment_status":"open","ping_status":"open","sticky":false,"template":"","format":"standard","meta":{"om_disable_all_campaigns":false,"_monsterinsights_skip_tracking":false,"_monsterinsights_sitenote_active":false,"_monsterinsights_sitenote_note":"","_monsterinsights_sitenote_category":0,"footnotes":""},"categories":[175],"tags":[223],"class_list":["post-69652","post","type-post","status-publish","format-standard","has-post-thumbnail","hentry","category-local","tag-puebla"],"amp_enabled":true,"_links":{"self":[{"href":"https:\/\/lahora.mx\/index.php\/wp-json\/wp\/v2\/posts\/69652","targetHints":{"allow":["GET"]}}],"collection":[{"href":"https:\/\/lahora.mx\/index.php\/wp-json\/wp\/v2\/posts"}],"about":[{"href":"https:\/\/lahora.mx\/index.php\/wp-json\/wp\/v2\/types\/post"}],"author":[{"embeddable":true,"href":"https:\/\/lahora.mx\/index.php\/wp-json\/wp\/v2\/users\/1"}],"replies":[{"embeddable":true,"href":"https:\/\/lahora.mx\/index.php\/wp-json\/wp\/v2\/comments?post=69652"}],"version-history":[{"count":1,"href":"https:\/\/lahora.mx\/index.php\/wp-json\/wp\/v2\/posts\/69652\/revisions"}],"predecessor-version":[{"id":69654,"href":"https:\/\/lahora.mx\/index.php\/wp-json\/wp\/v2\/posts\/69652\/revisions\/69654"}],"wp:featuredmedia":[{"embeddable":true,"href":"https:\/\/lahora.mx\/index.php\/wp-json\/wp\/v2\/media\/69653"}],"wp:attachment":[{"href":"https:\/\/lahora.mx\/index.php\/wp-json\/wp\/v2\/media?parent=69652"}],"wp:term":[{"taxonomy":"category","embeddable":true,"href":"https:\/\/lahora.mx\/index.php\/wp-json\/wp\/v2\/categories?post=69652"},{"taxonomy":"post_tag","embeddable":true,"href":"https:\/\/lahora.mx\/index.php\/wp-json\/wp\/v2\/tags?post=69652"}],"curies":[{"name":"wp","href":"https:\/\/api.w.org\/{rel}","templated":true}]}}