{"id":69638,"date":"2025-10-16T16:34:03","date_gmt":"2025-10-16T16:34:03","guid":{"rendered":"https:\/\/lahora.mx\/?p=69638"},"modified":"2025-10-16T16:34:04","modified_gmt":"2025-10-16T16:34:04","slug":"suspenden-clases-en-la-prepa-federal-en-tehuacan-por-brote-de-virus-coxsackie","status":"publish","type":"post","link":"https:\/\/lahora.mx\/index.php\/2025\/10\/16\/suspenden-clases-en-la-prepa-federal-en-tehuacan-por-brote-de-virus-coxsackie\/","title":{"rendered":"Suspenden clases en la prepa Federal en Tehuac\u00e1n por brote de virus Coxsackie"},"content":{"rendered":"\n<p>La Preparatoria Federal por Cooperaci\u00f3n C.P. Gilberto Mart\u00ednez Guti\u00e9rrez suspendi\u00f3 clases presenciales desde este mi\u00e9rcoles, debido a que se report\u00f3 que existen casos de estudiantes contagiados por el virus Coxsackie, por lo que en coordinaci\u00f3n con la Jurisdicci\u00f3n Sanitaria 10, se determin\u00f3 esta medida para evitar una mayor propagaci\u00f3n de esta enfermedad conocida como manos, pie, boca.<\/p>\n\n\n\n<p>Fue la tarde del 15 de octubre que se implement\u00f3 esta disposici\u00f3n a los alumnos del turno vespertino los cuales ya hab\u00edan ingresado a las instalaciones de la escuela, pero se mantendr\u00e1 en ambos turnos.<br><br>De acuerdo con lo que se conoci\u00f3 tras registrarse casos, que fueron considerados como una situaci\u00f3n at\u00edpica, la direcci\u00f3n de la instituci\u00f3n realiz\u00f3 el reporte a la jurisdicci\u00f3n sanitaria 10, quien instruy\u00f3 que se tomara la medida de suspensi\u00f3n de actividades presenciales, debido a que se registraba una situaci\u00f3n de \u00edndole sanitaria.<\/p>\n\n\n\n<p>Se presume que los alumnos contagiados conviven con hermanos m\u00e1s peque\u00f1os que adquirieron el virus y de esta forma se gener\u00f3 el contagio, por lo que tambi\u00e9n la indicaci\u00f3n que se dio a los j\u00f3venes es que en sus hogares apliquen medidas preventivas como es el lavado constante de manos, utilizar cubrebocas, entre otras.<\/p>\n\n\n\n<p>Se coment\u00f3 que la reanudaci\u00f3n de actividades acad\u00e9micas presenciales se podr\u00eda dar el pr\u00f3ximo lunes; sin embargo, ser\u00e1 la jurisdicci\u00f3n Sanitaria quien determine, por lo que se mantendr\u00e1n las clases virtuales.<\/p>\n\n\n\n<p>Debido a que se esta en fechas de ex\u00e1menes semestrales tambi\u00e9n se indic\u00f3 que estas evaluaciones ser\u00e1n reprogramadas para la pr\u00f3xima semana, adem\u00e1s de que tampoco se estar\u00e1n efectuando actividades de formaci\u00f3n socioemocional, ni las asesor\u00edas acad\u00e9micas que se realizan durante el s\u00e1bado.<\/p>\n\n\n\n<p>Los directivos pidieron a los padres de familia, tutores y alumnos de su comprensi\u00f3n por esta suspensi\u00f3n que se mantendr\u00e1 hasta nuevo aviso, pues, aunque el contagio de j\u00f3venes de preparatoria es algo at\u00edpico, est\u00e1n en riesgo.<\/p>\n\n\n\n<p>Tambi\u00e9n se inform\u00f3 que las instalaciones se llevar\u00e1 a cabo un proceso de limpieza y desinfecci\u00f3n en cada una de las aulas y el resto de las \u00e1reas para garantizar un regreso seguro a clases de la comunidad estudiantil.<\/p>\n","protected":false},"excerpt":{"rendered":"<p>La Preparatoria Federal por Cooperaci\u00f3n C.P. Gilberto Mart\u00ednez Guti\u00e9rrez suspendi\u00f3 clases presenciales desde este mi\u00e9rcoles, debido a que se report\u00f3 que existen casos de estudiantes contagiados por el virus Coxsackie, por lo que en coordinaci\u00f3n con la Jurisdicci\u00f3n Sanitaria 10, se determin\u00f3 esta medida para evitar una mayor propagaci\u00f3n de esta enfermedad conocida como manos, [&hellip;]<\/p>\n","protected":false},"author":1,"featured_media":69647,"comment_status":"open","ping_status":"open","sticky":false,"template":"","format":"standard","meta":{"om_disable_all_campaigns":false,"_monsterinsights_skip_tracking":false,"_monsterinsights_sitenote_active":false,"_monsterinsights_sitenote_note":"","_monsterinsights_sitenote_category":0,"footnotes":""},"categories":[175],"tags":[223],"class_list":["post-69638","post","type-post","status-publish","format-standard","has-post-thumbnail","hentry","category-local","tag-puebla"],"amp_enabled":true,"_links":{"self":[{"href":"https:\/\/lahora.mx\/index.php\/wp-json\/wp\/v2\/posts\/69638","targetHints":{"allow":["GET"]}}],"collection":[{"href":"https:\/\/lahora.mx\/index.php\/wp-json\/wp\/v2\/posts"}],"about":[{"href":"https:\/\/lahora.mx\/index.php\/wp-json\/wp\/v2\/types\/post"}],"author":[{"embeddable":true,"href":"https:\/\/lahora.mx\/index.php\/wp-json\/wp\/v2\/users\/1"}],"replies":[{"embeddable":true,"href":"https:\/\/lahora.mx\/index.php\/wp-json\/wp\/v2\/comments?post=69638"}],"version-history":[{"count":1,"href":"https:\/\/lahora.mx\/index.php\/wp-json\/wp\/v2\/posts\/69638\/revisions"}],"predecessor-version":[{"id":69648,"href":"https:\/\/lahora.mx\/index.php\/wp-json\/wp\/v2\/posts\/69638\/revisions\/69648"}],"wp:featuredmedia":[{"embeddable":true,"href":"https:\/\/lahora.mx\/index.php\/wp-json\/wp\/v2\/media\/69647"}],"wp:attachment":[{"href":"https:\/\/lahora.mx\/index.php\/wp-json\/wp\/v2\/media?parent=69638"}],"wp:term":[{"taxonomy":"category","embeddable":true,"href":"https:\/\/lahora.mx\/index.php\/wp-json\/wp\/v2\/categories?post=69638"},{"taxonomy":"post_tag","embeddable":true,"href":"https:\/\/lahora.mx\/index.php\/wp-json\/wp\/v2\/tags?post=69638"}],"curies":[{"name":"wp","href":"https:\/\/api.w.org\/{rel}","templated":true}]}}