{"id":69629,"date":"2025-10-16T04:09:30","date_gmt":"2025-10-16T04:09:30","guid":{"rendered":"https:\/\/lahora.mx\/?p=69629"},"modified":"2025-10-16T05:59:58","modified_gmt":"2025-10-16T05:59:58","slug":"se-matan-por-un-terreno-balacera-en-xochimehuacan-deja-una-muerta-y-dos-heridos","status":"publish","type":"post","link":"https:\/\/lahora.mx\/index.php\/2025\/10\/16\/se-matan-por-un-terreno-balacera-en-xochimehuacan-deja-una-muerta-y-dos-heridos\/","title":{"rendered":"Se matan por un terreno: balacera en Xochimehuacan deja una muerta y dos heridos"},"content":{"rendered":"\n<p>Una disputa entre familias por un terreno, dej\u00f3 como saldo una mujer fallecida y dos personas m\u00e1s baleadas en San Pablo Xochimehuacan, hecho que desat\u00f3 una intensa movilizaci\u00f3n policiaca que permiti\u00f3 el aseguramiento de dos personas como probables responsables del ataque armado.<\/p>\n\n\n\n<p>Instantantes de angustia vivieron esta tarde habitantes de San Pablo Xochimehuacan luego de que un par de sujetos irrumpieron en un inmueble ubicado sobre la Segunda Privada Libertad esquina con calle Gasoducto y abrieron fuego contra tres integrantes de una familia, dos mujeres y un hombre.<\/p>\n\n\n\n<p>Vecinos de la zona que escucharon los disparos pidieron el apoyo de los cuerpos de emergencia, siendo socorristas de Protecci\u00f3n Civil y del SUMA quienes acudieron al punto y constataron que tres personas presentaban impactos de bala.<\/p>\n\n\n\n<p>Una de las mujeres, perdi\u00f3 la vida en el lugar, mientras que, los otros dos heridos fueron trasladados a un hospital para ser atendidos, cuyo estado de salud se reporta estable.<\/p>\n\n\n\n<p>Polic\u00edas Municipales lograron detener a dos personas como las presuntas responsables del ataque. En tanto que, la zona fue acordonada para que la Fiscal\u00eda del Estado llevara a cabo las diligencias correspondientes.<\/p>\n","protected":false},"excerpt":{"rendered":"<p>Una disputa entre familias por un terreno, dej\u00f3 como saldo una mujer fallecida y dos personas m\u00e1s baleadas en San Pablo Xochimehuacan, hecho que desat\u00f3 una intensa movilizaci\u00f3n policiaca que permiti\u00f3 el aseguramiento de dos personas como probables responsables del ataque armado. Instantantes de angustia vivieron esta tarde habitantes de San Pablo Xochimehuacan luego de [&hellip;]<\/p>\n","protected":false},"author":1,"featured_media":69630,"comment_status":"open","ping_status":"open","sticky":false,"template":"","format":"standard","meta":{"om_disable_all_campaigns":false,"_monsterinsights_skip_tracking":false,"_monsterinsights_sitenote_active":false,"_monsterinsights_sitenote_note":"","_monsterinsights_sitenote_category":0,"footnotes":""},"categories":[175,226],"tags":[],"class_list":["post-69629","post","type-post","status-publish","format-standard","has-post-thumbnail","hentry","category-local","category-policia"],"amp_enabled":true,"_links":{"self":[{"href":"https:\/\/lahora.mx\/index.php\/wp-json\/wp\/v2\/posts\/69629","targetHints":{"allow":["GET"]}}],"collection":[{"href":"https:\/\/lahora.mx\/index.php\/wp-json\/wp\/v2\/posts"}],"about":[{"href":"https:\/\/lahora.mx\/index.php\/wp-json\/wp\/v2\/types\/post"}],"author":[{"embeddable":true,"href":"https:\/\/lahora.mx\/index.php\/wp-json\/wp\/v2\/users\/1"}],"replies":[{"embeddable":true,"href":"https:\/\/lahora.mx\/index.php\/wp-json\/wp\/v2\/comments?post=69629"}],"version-history":[{"count":1,"href":"https:\/\/lahora.mx\/index.php\/wp-json\/wp\/v2\/posts\/69629\/revisions"}],"predecessor-version":[{"id":69631,"href":"https:\/\/lahora.mx\/index.php\/wp-json\/wp\/v2\/posts\/69629\/revisions\/69631"}],"wp:featuredmedia":[{"embeddable":true,"href":"https:\/\/lahora.mx\/index.php\/wp-json\/wp\/v2\/media\/69630"}],"wp:attachment":[{"href":"https:\/\/lahora.mx\/index.php\/wp-json\/wp\/v2\/media?parent=69629"}],"wp:term":[{"taxonomy":"category","embeddable":true,"href":"https:\/\/lahora.mx\/index.php\/wp-json\/wp\/v2\/categories?post=69629"},{"taxonomy":"post_tag","embeddable":true,"href":"https:\/\/lahora.mx\/index.php\/wp-json\/wp\/v2\/tags?post=69629"}],"curies":[{"name":"wp","href":"https:\/\/api.w.org\/{rel}","templated":true}]}}