{"id":69626,"date":"2025-10-15T23:35:14","date_gmt":"2025-10-15T23:35:14","guid":{"rendered":"https:\/\/lahora.mx\/?p=69626"},"modified":"2025-10-15T23:35:15","modified_gmt":"2025-10-15T23:35:15","slug":"gobierno-estatal-inicia-evaluacion-de-danos-en-infraestructura-educativa-derivados-de-las-lluvias-en-la-sierra-norte","status":"publish","type":"post","link":"https:\/\/lahora.mx\/index.php\/2025\/10\/15\/gobierno-estatal-inicia-evaluacion-de-danos-en-infraestructura-educativa-derivados-de-las-lluvias-en-la-sierra-norte\/","title":{"rendered":"Gobierno estatal inicia evaluaci\u00f3n de da\u00f1os en infraestructura educativa, derivados de las lluvias en la Sierra Norte"},"content":{"rendered":"\n<p>El Gobierno del Estado que encabeza el mandatario Alejandro Armenta, trabaja de manera institucional para atender los da\u00f1os ocasionados por las recientes lluvias en la Sierra Norte. A trav\u00e9s del Comit\u00e9 Administrador Poblano para la Construcci\u00f3n de Espacios Educativos (CAPCEE), se han conformado 28 grupos de trabajo integrados por personal de la Secretar\u00eda de Educaci\u00f3n P\u00fablica Federal y del Estado, la Coordinaci\u00f3n Nacional de Becas del Bienestar, personal de las oficinas centrales del INIFED, personal t\u00e9cnico del CAPCEE, as\u00ed como personal de la empresa ajustadora del seguro para da\u00f1os.<\/p>\n\n\n\n<p>Personal ha iniciado los trabajos de evaluaci\u00f3n y an\u00e1lisis de necesidades en los planteles educativos de 30 municipios prioritarios de la Sierra Norte, con el objetivo de tener con precisi\u00f3n el nivel de afectaci\u00f3n e iniciar con la atenci\u00f3n, limpieza y reparaci\u00f3n de los espacios educativos.<\/p>\n\n\n\n<p>Con estas acciones, el gobierno humanista de Puebla, reitera su compromiso con la comunidad educativa para restablecer las condiciones de bienestar y desarrollo, con el objetivo de que cada comunidad cuente con espacios seguros, funcionales y dignos en beneficio de las y los estudiantes.<\/p>\n","protected":false},"excerpt":{"rendered":"<p>El Gobierno del Estado que encabeza el mandatario Alejandro Armenta, trabaja de manera institucional para atender los da\u00f1os ocasionados por las recientes lluvias en la Sierra Norte. A trav\u00e9s del Comit\u00e9 Administrador Poblano para la Construcci\u00f3n de Espacios Educativos (CAPCEE), se han conformado 28 grupos de trabajo integrados por personal de la Secretar\u00eda de Educaci\u00f3n [&hellip;]<\/p>\n","protected":false},"author":1,"featured_media":69627,"comment_status":"open","ping_status":"open","sticky":false,"template":"","format":"standard","meta":{"om_disable_all_campaigns":false,"_monsterinsights_skip_tracking":false,"_monsterinsights_sitenote_active":false,"_monsterinsights_sitenote_note":"","_monsterinsights_sitenote_category":0,"footnotes":""},"categories":[175],"tags":[239,195,223],"class_list":["post-69626","post","type-post","status-publish","format-standard","has-post-thumbnail","hentry","category-local","tag-gobierno","tag-principal","tag-puebla"],"amp_enabled":true,"_links":{"self":[{"href":"https:\/\/lahora.mx\/index.php\/wp-json\/wp\/v2\/posts\/69626","targetHints":{"allow":["GET"]}}],"collection":[{"href":"https:\/\/lahora.mx\/index.php\/wp-json\/wp\/v2\/posts"}],"about":[{"href":"https:\/\/lahora.mx\/index.php\/wp-json\/wp\/v2\/types\/post"}],"author":[{"embeddable":true,"href":"https:\/\/lahora.mx\/index.php\/wp-json\/wp\/v2\/users\/1"}],"replies":[{"embeddable":true,"href":"https:\/\/lahora.mx\/index.php\/wp-json\/wp\/v2\/comments?post=69626"}],"version-history":[{"count":1,"href":"https:\/\/lahora.mx\/index.php\/wp-json\/wp\/v2\/posts\/69626\/revisions"}],"predecessor-version":[{"id":69628,"href":"https:\/\/lahora.mx\/index.php\/wp-json\/wp\/v2\/posts\/69626\/revisions\/69628"}],"wp:featuredmedia":[{"embeddable":true,"href":"https:\/\/lahora.mx\/index.php\/wp-json\/wp\/v2\/media\/69627"}],"wp:attachment":[{"href":"https:\/\/lahora.mx\/index.php\/wp-json\/wp\/v2\/media?parent=69626"}],"wp:term":[{"taxonomy":"category","embeddable":true,"href":"https:\/\/lahora.mx\/index.php\/wp-json\/wp\/v2\/categories?post=69626"},{"taxonomy":"post_tag","embeddable":true,"href":"https:\/\/lahora.mx\/index.php\/wp-json\/wp\/v2\/tags?post=69626"}],"curies":[{"name":"wp","href":"https:\/\/api.w.org\/{rel}","templated":true}]}}