{"id":69623,"date":"2025-10-15T23:34:01","date_gmt":"2025-10-15T23:34:01","guid":{"rendered":"https:\/\/lahora.mx\/?p=69623"},"modified":"2025-10-15T23:34:01","modified_gmt":"2025-10-15T23:34:01","slug":"pepe-chedraui-es-una-revelacion-politica-monreal-tras-informe-de-gobierno","status":"publish","type":"post","link":"https:\/\/lahora.mx\/index.php\/2025\/10\/15\/pepe-chedraui-es-una-revelacion-politica-monreal-tras-informe-de-gobierno\/","title":{"rendered":"Pepe Chedraui es una revelaci\u00f3n pol\u00edtica: Monreal tras informe de gobierno"},"content":{"rendered":"\n<p>El diputado federal morenista, Ricardo Monreal \u00c1vila, calific\u00f3 el perfil del presidente municipal de Puebla, Jos\u00e9 Chedraui Budib, como una \u201crevelaci\u00f3n pol\u00edtica\u201d que ha emanado de este partido.<\/p>\n\n\n\n<p>Tras salir del primer informe de labores del municipe, el morenista asegur\u00f3 que lo que vio reflejado en la exposici\u00f3n estuvo representando con cifras, as\u00ed como de \u201crealidades\u201d para la capital poblana.<\/p>\n\n\n\n<p>Incluso, se\u00f1al\u00f3 que tambi\u00e9n demostr\u00f3 que hay habido avances muy importantes en un a\u00f1o al frente del ayuntamiento, manifestando una visi\u00f3n positiva de su labor.<\/p>\n\n\n\n<p>\u201cCreo que Pepe Chedraui es una revelaci\u00f3n pol\u00edtica porque es empresario, ahora dedicado a la administraci\u00f3n p\u00fablica, y de manera muy, muy clara, lo expres\u00f3 en un a\u00f1o de actividades\u201d, declar\u00f3.<\/p>\n\n\n\n<p>Monreal \u00c1vila tambi\u00e9n dijo estar a gusto con el esfuerzo del Chedraui Budib, toda vez que ha hecho un buen trabajo en los 12 meses desde que tom\u00f3 protesta.<\/p>\n\n\n\n<p>De igual manera, augur\u00f3 que en los dos a\u00f1os que le restan a su administraci\u00f3n municipal, seguramente seguir\u00e1 dando los mismos resultados que hasta el momento.<\/p>\n\n\n\n<p>A pregunta expresa sobre la posible reelecci\u00f3n del alcalde, respondi\u00f3 que eso \u201clo van a ver despu\u00e9s\u201d, dejando abierta la posible de respaldar su decisi\u00f3n para el 2027.<\/p>\n\n\n\n<p>Este d\u00eda, al dar cuenta de su trabajo, dej\u00f3 en claro que en este momento no est\u00e1 pensando en el tema electoral, ya que est\u00e1 concentrando en seguir dando resultados a la capital poblana.<\/p>\n\n\n\n<p>No obstante, en declaraciones anteriores, abri\u00f3 casi con seguridad, su intenci\u00f3n de querer competir nuevamente por el gobierno municipal en los pr\u00f3ximos comicios.<\/p>\n","protected":false},"excerpt":{"rendered":"<p>El diputado federal morenista, Ricardo Monreal \u00c1vila, calific\u00f3 el perfil del presidente municipal de Puebla, Jos\u00e9 Chedraui Budib, como una \u201crevelaci\u00f3n pol\u00edtica\u201d que ha emanado de este partido. Tras salir del primer informe de labores del municipe, el morenista asegur\u00f3 que lo que vio reflejado en la exposici\u00f3n estuvo representando con cifras, as\u00ed como de [&hellip;]<\/p>\n","protected":false},"author":1,"featured_media":69624,"comment_status":"open","ping_status":"open","sticky":false,"template":"","format":"standard","meta":{"om_disable_all_campaigns":false,"_monsterinsights_skip_tracking":false,"_monsterinsights_sitenote_active":false,"_monsterinsights_sitenote_note":"","_monsterinsights_sitenote_category":0,"footnotes":""},"categories":[5],"tags":[],"class_list":["post-69623","post","type-post","status-publish","format-standard","has-post-thumbnail","hentry","category-politica"],"amp_enabled":true,"_links":{"self":[{"href":"https:\/\/lahora.mx\/index.php\/wp-json\/wp\/v2\/posts\/69623","targetHints":{"allow":["GET"]}}],"collection":[{"href":"https:\/\/lahora.mx\/index.php\/wp-json\/wp\/v2\/posts"}],"about":[{"href":"https:\/\/lahora.mx\/index.php\/wp-json\/wp\/v2\/types\/post"}],"author":[{"embeddable":true,"href":"https:\/\/lahora.mx\/index.php\/wp-json\/wp\/v2\/users\/1"}],"replies":[{"embeddable":true,"href":"https:\/\/lahora.mx\/index.php\/wp-json\/wp\/v2\/comments?post=69623"}],"version-history":[{"count":1,"href":"https:\/\/lahora.mx\/index.php\/wp-json\/wp\/v2\/posts\/69623\/revisions"}],"predecessor-version":[{"id":69625,"href":"https:\/\/lahora.mx\/index.php\/wp-json\/wp\/v2\/posts\/69623\/revisions\/69625"}],"wp:featuredmedia":[{"embeddable":true,"href":"https:\/\/lahora.mx\/index.php\/wp-json\/wp\/v2\/media\/69624"}],"wp:attachment":[{"href":"https:\/\/lahora.mx\/index.php\/wp-json\/wp\/v2\/media?parent=69623"}],"wp:term":[{"taxonomy":"category","embeddable":true,"href":"https:\/\/lahora.mx\/index.php\/wp-json\/wp\/v2\/categories?post=69623"},{"taxonomy":"post_tag","embeddable":true,"href":"https:\/\/lahora.mx\/index.php\/wp-json\/wp\/v2\/tags?post=69623"}],"curies":[{"name":"wp","href":"https:\/\/api.w.org\/{rel}","templated":true}]}}