{"id":69620,"date":"2025-10-15T23:33:05","date_gmt":"2025-10-15T23:33:05","guid":{"rendered":"https:\/\/lahora.mx\/?p=69620"},"modified":"2025-10-15T23:33:06","modified_gmt":"2025-10-15T23:33:06","slug":"falla-global-en-la-app-de-didi-deja-sin-servicio-a-miles-de-usuarios","status":"publish","type":"post","link":"https:\/\/lahora.mx\/index.php\/2025\/10\/15\/falla-global-en-la-app-de-didi-deja-sin-servicio-a-miles-de-usuarios\/","title":{"rendered":"Falla global en la app de Didi deja sin servicio a miles de usuarios"},"content":{"rendered":"\n<p>Este mi\u00e9rcoles por la ma\u00f1ana, usuarios de la aplicaci\u00f3n de transporte Didi se enfrentaron a una ca\u00edda generalizada de la plataforma que interrumpi\u00f3 el servicio tanto en M\u00e9xico como en otros pa\u00edses de Am\u00e9rica Latina, como Argentina y Chile. La falla comenz\u00f3 alrededor de las 4:45 de la madrugada, generando confusi\u00f3n y molestia entre quienes intentaban utilizar la app para trasladarse.<\/p>\n\n\n\n<p>En redes sociales comenzaron a circular capturas de pantalla donde se pod\u00edan ver mensajes de error al intentar ingresar o realizar un viaje. Algunos usuarios reportaron que la aplicaci\u00f3n dej\u00f3 de funcionar incluso mientras estaban a bordo de un veh\u00edculo, lo que los oblig\u00f3 a pagar el servicio en efectivo. Ante esta situaci\u00f3n, surgieron dudas sobre si los cobros podr\u00edan duplicarse una vez que la aplicaci\u00f3n se restableciera por completo.<br><br>De acuerdo con el sitio especializado Downdetector, el n\u00famero de reportes sobre el mal funcionamiento alcanz\u00f3 su punto m\u00e1s alto a las 7:30 de la ma\u00f1ana, con m\u00e1s de mil 800 notificaciones de errores relacionados con conexi\u00f3n al servidor, inicio de sesi\u00f3n y fallas generales en la app.<\/p>\n\n\n\n<p>La empresa reconoci\u00f3 el problema a trav\u00e9s de su cuenta oficial en Facebook, donde se\u00f1al\u00f3 que \u201calgunos usuarios estaban teniendo dificultades para acceder a los servicios\u201d debido a una interrupci\u00f3n inesperada. Seg\u00fan su comunicado, el equipo t\u00e9cnico ya se encontraba trabajando para resolver la situaci\u00f3n y restaurar el funcionamiento de la plataforma lo antes posible.<\/p>\n\n\n\n<p>Hasta el momento, Didi no ha aclarado si los usuarios afectados recibir\u00e1n alg\u00fan tipo de compensaci\u00f3n, ni ha detallado el origen exacto del fallo. Mientras tanto, varios conductores manifestaron su preocupaci\u00f3n por la falta de claridad en los pagos y la p\u00e9rdida de ingresos durante las horas en que la app estuvo fuera de l\u00ednea.<\/p>\n","protected":false},"excerpt":{"rendered":"<p>Este mi\u00e9rcoles por la ma\u00f1ana, usuarios de la aplicaci\u00f3n de transporte Didi se enfrentaron a una ca\u00edda generalizada de la plataforma que interrumpi\u00f3 el servicio tanto en M\u00e9xico como en otros pa\u00edses de Am\u00e9rica Latina, como Argentina y Chile. La falla comenz\u00f3 alrededor de las 4:45 de la madrugada, generando confusi\u00f3n y molestia entre quienes [&hellip;]<\/p>\n","protected":false},"author":1,"featured_media":69621,"comment_status":"open","ping_status":"open","sticky":false,"template":"","format":"standard","meta":{"om_disable_all_campaigns":false,"_monsterinsights_skip_tracking":false,"_monsterinsights_sitenote_active":false,"_monsterinsights_sitenote_note":"","_monsterinsights_sitenote_category":0,"footnotes":""},"categories":[7],"tags":[],"class_list":["post-69620","post","type-post","status-publish","format-standard","has-post-thumbnail","hentry","category-geek"],"amp_enabled":true,"_links":{"self":[{"href":"https:\/\/lahora.mx\/index.php\/wp-json\/wp\/v2\/posts\/69620","targetHints":{"allow":["GET"]}}],"collection":[{"href":"https:\/\/lahora.mx\/index.php\/wp-json\/wp\/v2\/posts"}],"about":[{"href":"https:\/\/lahora.mx\/index.php\/wp-json\/wp\/v2\/types\/post"}],"author":[{"embeddable":true,"href":"https:\/\/lahora.mx\/index.php\/wp-json\/wp\/v2\/users\/1"}],"replies":[{"embeddable":true,"href":"https:\/\/lahora.mx\/index.php\/wp-json\/wp\/v2\/comments?post=69620"}],"version-history":[{"count":1,"href":"https:\/\/lahora.mx\/index.php\/wp-json\/wp\/v2\/posts\/69620\/revisions"}],"predecessor-version":[{"id":69622,"href":"https:\/\/lahora.mx\/index.php\/wp-json\/wp\/v2\/posts\/69620\/revisions\/69622"}],"wp:featuredmedia":[{"embeddable":true,"href":"https:\/\/lahora.mx\/index.php\/wp-json\/wp\/v2\/media\/69621"}],"wp:attachment":[{"href":"https:\/\/lahora.mx\/index.php\/wp-json\/wp\/v2\/media?parent=69620"}],"wp:term":[{"taxonomy":"category","embeddable":true,"href":"https:\/\/lahora.mx\/index.php\/wp-json\/wp\/v2\/categories?post=69620"},{"taxonomy":"post_tag","embeddable":true,"href":"https:\/\/lahora.mx\/index.php\/wp-json\/wp\/v2\/tags?post=69620"}],"curies":[{"name":"wp","href":"https:\/\/api.w.org\/{rel}","templated":true}]}}