{"id":6962,"date":"2022-05-15T19:54:52","date_gmt":"2022-05-15T19:54:52","guid":{"rendered":"http:\/\/lahora.mx\/?p=6962"},"modified":"2022-05-15T19:54:53","modified_gmt":"2022-05-15T19:54:53","slug":"congreso-de-puebla-instala-3er-periodo-ordinario-de-sesiones-deberan-elegir-al-nuevo-titular-de-la-ase","status":"publish","type":"post","link":"https:\/\/lahora.mx\/index.php\/2022\/05\/15\/congreso-de-puebla-instala-3er-periodo-ordinario-de-sesiones-deberan-elegir-al-nuevo-titular-de-la-ase\/","title":{"rendered":"Congreso de Puebla instala 3er Periodo Ordinario de Sesiones; deber\u00e1n elegir al nuevo titular de la ASE"},"content":{"rendered":"\n<p><strong>El Congreso del Estado instal\u00f3 el tercer per\u00edodo<\/strong>\u00a0ordinario de sesiones de la LXI Legislatura, en donde deber\u00e1n de elegir al nuevo titular de la Auditor\u00eda Superior del Estado como uno de los temas principales.<br>Con la asistencia de\u00a0<strong>40 diputados, se instal\u00f3 nuevamente el periodo ordinario<\/strong>\u00a0de sesiones, siendo la \u00fanica ausente la diputada Xel Arianna Hern\u00e1ndez quien acudi\u00f3 a un evento organizado por el gobernador Miguel Barbosa Huerta para celebrar el d\u00eda del maestro.<\/p>\n\n\n\n<p><strong>En entrevista, el presidente del Congreso Local,<\/strong>&nbsp;Sergio Salom\u00f3n C\u00e9spedes Peregrina, inform\u00f3 que los coordinadores de las distintas bancadas estar\u00e1n construyendo una agenda legislativa conforme avance el per\u00edodo.<\/p>\n\n\n\n<p>Cabe destacar que otro<strong>&nbsp;tema de relevancia que presentar\u00e1 la diputada M\u00f3nica Silva,<\/strong>&nbsp;es un nuevo paquete de iniciativas para que se legisle la interrupci\u00f3n legal del Embarazo, la cual hab\u00eda prometido presentarla este 15 de mayo pero no fue as\u00ed.<\/p>\n","protected":false},"excerpt":{"rendered":"<p>El Congreso del Estado instal\u00f3 el tercer per\u00edodo\u00a0ordinario de sesiones de la LXI Legislatura, en donde deber\u00e1n de elegir al nuevo titular de la Auditor\u00eda Superior del Estado como uno de los temas principales.Con la asistencia de\u00a040 diputados, se instal\u00f3 nuevamente el periodo ordinario\u00a0de sesiones, siendo la \u00fanica ausente la diputada Xel Arianna Hern\u00e1ndez quien [&hellip;]<\/p>\n","protected":false},"author":4,"featured_media":6963,"comment_status":"open","ping_status":"open","sticky":false,"template":"","format":"standard","meta":{"om_disable_all_campaigns":false,"_monsterinsights_skip_tracking":false,"_monsterinsights_sitenote_active":false,"_monsterinsights_sitenote_note":"","_monsterinsights_sitenote_category":0,"footnotes":""},"categories":[175],"tags":[223],"class_list":["post-6962","post","type-post","status-publish","format-standard","has-post-thumbnail","hentry","category-local","tag-puebla"],"amp_enabled":true,"_links":{"self":[{"href":"https:\/\/lahora.mx\/index.php\/wp-json\/wp\/v2\/posts\/6962","targetHints":{"allow":["GET"]}}],"collection":[{"href":"https:\/\/lahora.mx\/index.php\/wp-json\/wp\/v2\/posts"}],"about":[{"href":"https:\/\/lahora.mx\/index.php\/wp-json\/wp\/v2\/types\/post"}],"author":[{"embeddable":true,"href":"https:\/\/lahora.mx\/index.php\/wp-json\/wp\/v2\/users\/4"}],"replies":[{"embeddable":true,"href":"https:\/\/lahora.mx\/index.php\/wp-json\/wp\/v2\/comments?post=6962"}],"version-history":[{"count":2,"href":"https:\/\/lahora.mx\/index.php\/wp-json\/wp\/v2\/posts\/6962\/revisions"}],"predecessor-version":[{"id":9369,"href":"https:\/\/lahora.mx\/index.php\/wp-json\/wp\/v2\/posts\/6962\/revisions\/9369"}],"wp:featuredmedia":[{"embeddable":true,"href":"https:\/\/lahora.mx\/index.php\/wp-json\/wp\/v2\/media\/6963"}],"wp:attachment":[{"href":"https:\/\/lahora.mx\/index.php\/wp-json\/wp\/v2\/media?parent=6962"}],"wp:term":[{"taxonomy":"category","embeddable":true,"href":"https:\/\/lahora.mx\/index.php\/wp-json\/wp\/v2\/categories?post=6962"},{"taxonomy":"post_tag","embeddable":true,"href":"https:\/\/lahora.mx\/index.php\/wp-json\/wp\/v2\/tags?post=6962"}],"curies":[{"name":"wp","href":"https:\/\/api.w.org\/{rel}","templated":true}]}}