{"id":69584,"date":"2025-10-15T14:20:46","date_gmt":"2025-10-15T14:20:46","guid":{"rendered":"https:\/\/lahora.mx\/?p=69584"},"modified":"2025-10-15T14:20:47","modified_gmt":"2025-10-15T14:20:47","slug":"el-gobierno-federal-y-el-de-puebla-avanzan-en-la-fase-de-recuperacion-en-la-sierra-norte","status":"publish","type":"post","link":"https:\/\/lahora.mx\/index.php\/2025\/10\/15\/el-gobierno-federal-y-el-de-puebla-avanzan-en-la-fase-de-recuperacion-en-la-sierra-norte\/","title":{"rendered":"El gobierno federal y el de Puebla avanzan en la fase de recuperaci\u00f3n en la Sierra Norte"},"content":{"rendered":"\n<p>El Gobernador de Puebla, Alejandro Armenta y la coordinadora general de Asuntos Intergubernamentales y Participaci\u00f3n Social del Gobierno de M\u00e9xico, Leticia Ram\u00edrez Amaya, acompa\u00f1ados por el Comandante de la VI Regi\u00f3n Militar, H\u00e9ctor \u00c1vila Alcocer; el General Comandante interino de la XXV Zona Militar, Francisco Antonio Enr\u00edquez Rojas, el coordinador general de Protecci\u00f3n Civil y Gesti\u00f3n de Riesgo de Desastres, Coronel Bernab\u00e9 L\u00f3pez Santos, as\u00ed como por personal de la Secretar\u00eda de Marina, recorrieron las colonias Nuevo Monterrey y Chapultepec, para supervisar los avances en la limpieza de escombros y lodo que afect\u00f3 la zona.<\/p>\n\n\n\n<p>Durante el recorrido, el mandatario estatal constat\u00f3 las labores de limpieza con maquinaria pesada y visit\u00f3 viviendas da\u00f1adas, donde escuch\u00f3 a las familias damnificadas y ofreci\u00f3 su respaldo. A petici\u00f3n de vecinos, instruy\u00f3 que se eval\u00fae la construcci\u00f3n de un muro de contenci\u00f3n junto a una gasolinera, donde una vivienda permanece en riesgo. T\u00e9cnicos de infraestructura acudir\u00e1n a inspeccionar la zona y atender la solicitud.<br>La coordinadora general de Asuntos Intergubernamentales y Participaci\u00f3n Social del Gobierno de M\u00e9xico, Leticia Ram\u00edrez Amaya, reiter\u00f3 que la presidenta de la Rep\u00fablica, Claudia Sheinbaum se mantiene al pendiente de la recuperaci\u00f3n de las comunidades y del avance en el censo de viviendas para la designaci\u00f3n de apoyos.<\/p>\n\n\n\n<p>El delegado de Bienestar, Rodrigo Abdala, inform\u00f3 que no ser\u00e1 necesario conservar muebles da\u00f1ados, ya que el censo federal incluir\u00e1 todas las viviendas afectadas. Adem\u00e1s, se destac\u00f3 que Huauchinango se convertir\u00e1 en un centro de operaciones estatal para atender la emergencia y coordinar, desde ese municipio, los recursos de forma m\u00e1s eficiente.<\/p>\n\n\n\n<p>El gobernador Alejandro Armenta reiter\u00f3 su compromiso de mantener comunicaci\u00f3n directa con las y los habitantes mediante diferentes canales, con el fin de dar respuesta a solicitudes urgentes. Afirm\u00f3 que las familias no est\u00e1n solas y que todas las dependencias, incluida Agricultura y Desarrollo Rural, est\u00e1n integradas en un plan de recuperaci\u00f3n integral que contempla incluso, la reconstrucci\u00f3n de puentes y viviendas.<\/p>\n\n\n\n<p>Los pobladores agradecieron la presencia de las autoridades y la respuesta solidaria. En todo momento, el gobernador y la representante de la presidenta Claudia Sheinbaum, Leticia Ram\u00edrez, ofrecieron palabras de aliento, se\u00f1alaron que lo m\u00e1s importante es que las familias siguen con vida, y aseguraron que cada p\u00e9rdida material ser\u00e1 atendida.<\/p>\n","protected":false},"excerpt":{"rendered":"<p>El Gobernador de Puebla, Alejandro Armenta y la coordinadora general de Asuntos Intergubernamentales y Participaci\u00f3n Social del Gobierno de M\u00e9xico, Leticia Ram\u00edrez Amaya, acompa\u00f1ados por el Comandante de la VI Regi\u00f3n Militar, H\u00e9ctor \u00c1vila Alcocer; el General Comandante interino de la XXV Zona Militar, Francisco Antonio Enr\u00edquez Rojas, el coordinador general de Protecci\u00f3n Civil y [&hellip;]<\/p>\n","protected":false},"author":1,"featured_media":69585,"comment_status":"open","ping_status":"open","sticky":false,"template":"","format":"standard","meta":{"om_disable_all_campaigns":false,"_monsterinsights_skip_tracking":false,"_monsterinsights_sitenote_active":false,"_monsterinsights_sitenote_note":"","_monsterinsights_sitenote_category":0,"footnotes":""},"categories":[175],"tags":[239,223],"class_list":["post-69584","post","type-post","status-publish","format-standard","has-post-thumbnail","hentry","category-local","tag-gobierno","tag-puebla"],"amp_enabled":true,"_links":{"self":[{"href":"https:\/\/lahora.mx\/index.php\/wp-json\/wp\/v2\/posts\/69584","targetHints":{"allow":["GET"]}}],"collection":[{"href":"https:\/\/lahora.mx\/index.php\/wp-json\/wp\/v2\/posts"}],"about":[{"href":"https:\/\/lahora.mx\/index.php\/wp-json\/wp\/v2\/types\/post"}],"author":[{"embeddable":true,"href":"https:\/\/lahora.mx\/index.php\/wp-json\/wp\/v2\/users\/1"}],"replies":[{"embeddable":true,"href":"https:\/\/lahora.mx\/index.php\/wp-json\/wp\/v2\/comments?post=69584"}],"version-history":[{"count":1,"href":"https:\/\/lahora.mx\/index.php\/wp-json\/wp\/v2\/posts\/69584\/revisions"}],"predecessor-version":[{"id":69586,"href":"https:\/\/lahora.mx\/index.php\/wp-json\/wp\/v2\/posts\/69584\/revisions\/69586"}],"wp:featuredmedia":[{"embeddable":true,"href":"https:\/\/lahora.mx\/index.php\/wp-json\/wp\/v2\/media\/69585"}],"wp:attachment":[{"href":"https:\/\/lahora.mx\/index.php\/wp-json\/wp\/v2\/media?parent=69584"}],"wp:term":[{"taxonomy":"category","embeddable":true,"href":"https:\/\/lahora.mx\/index.php\/wp-json\/wp\/v2\/categories?post=69584"},{"taxonomy":"post_tag","embeddable":true,"href":"https:\/\/lahora.mx\/index.php\/wp-json\/wp\/v2\/tags?post=69584"}],"curies":[{"name":"wp","href":"https:\/\/api.w.org\/{rel}","templated":true}]}}