{"id":69578,"date":"2025-10-14T18:06:46","date_gmt":"2025-10-14T18:06:46","guid":{"rendered":"https:\/\/lahora.mx\/?p=69578"},"modified":"2025-10-14T18:06:47","modified_gmt":"2025-10-14T18:06:47","slug":"se-preve-ambiente-templado-y-lluvias-ligeras-en-gran-parte-de-puebla","status":"publish","type":"post","link":"https:\/\/lahora.mx\/index.php\/2025\/10\/14\/se-preve-ambiente-templado-y-lluvias-ligeras-en-gran-parte-de-puebla\/","title":{"rendered":"Se prev\u00e9 ambiente templado y lluvias ligeras en gran parte de Puebla"},"content":{"rendered":"\n<p>De acuerdo con el pron\u00f3stico emitido por la Coordinaci\u00f3n General de Protecci\u00f3n Civil Estatal, se prev\u00e9 un ambiente templado durante el d\u00eda en el estado de Puebla, con temperaturas m\u00e1ximas que oscilar\u00e1n entre los 27 y 29 \u00b0C, y una m\u00e1xima extrema de 31 \u00b0C en la Sierra Norte.<\/p>\n\n\n\n<p>Durante la jornada se esperan lluvias de ligera intensidad acompa\u00f1adas de actividad el\u00e9ctrica, con acumulados de 10 a 15 mil\u00edmetros, principalmente sobre los Valles Centrales, la Sierra Norte y la Sierra Nororiental.<br>Asimismo, se pronostican vientos del componente sureste con rachas de 30 a 35 kil\u00f3metros por hora en la mayor parte del territorio poblano.<\/p>\n\n\n\n<p>En cuanto al monitoreo cicl\u00f3nico, el organismo inform\u00f3 que no se prev\u00e9 actividad tropical en el Oc\u00e9ano Pac\u00edfico durante las pr\u00f3ximas 48 horas. En el Atl\u00e1ntico, se mantiene en observaci\u00f3n la tormenta tropical \u201cLorenzo\u201d, localizada a 1,950 kil\u00f3metros al norte de Brasil, aunque sin representar riesgo para el estado de Puebla.<\/p>\n","protected":false},"excerpt":{"rendered":"<p>De acuerdo con el pron\u00f3stico emitido por la Coordinaci\u00f3n General de Protecci\u00f3n Civil Estatal, se prev\u00e9 un ambiente templado durante el d\u00eda en el estado de Puebla, con temperaturas m\u00e1ximas que oscilar\u00e1n entre los 27 y 29 \u00b0C, y una m\u00e1xima extrema de 31 \u00b0C en la Sierra Norte. Durante la jornada se esperan lluvias [&hellip;]<\/p>\n","protected":false},"author":1,"featured_media":69579,"comment_status":"open","ping_status":"open","sticky":false,"template":"","format":"standard","meta":{"om_disable_all_campaigns":false,"_monsterinsights_skip_tracking":false,"_monsterinsights_sitenote_active":false,"_monsterinsights_sitenote_note":"","_monsterinsights_sitenote_category":0,"footnotes":""},"categories":[175],"tags":[195,223],"class_list":["post-69578","post","type-post","status-publish","format-standard","has-post-thumbnail","hentry","category-local","tag-principal","tag-puebla"],"amp_enabled":true,"_links":{"self":[{"href":"https:\/\/lahora.mx\/index.php\/wp-json\/wp\/v2\/posts\/69578","targetHints":{"allow":["GET"]}}],"collection":[{"href":"https:\/\/lahora.mx\/index.php\/wp-json\/wp\/v2\/posts"}],"about":[{"href":"https:\/\/lahora.mx\/index.php\/wp-json\/wp\/v2\/types\/post"}],"author":[{"embeddable":true,"href":"https:\/\/lahora.mx\/index.php\/wp-json\/wp\/v2\/users\/1"}],"replies":[{"embeddable":true,"href":"https:\/\/lahora.mx\/index.php\/wp-json\/wp\/v2\/comments?post=69578"}],"version-history":[{"count":1,"href":"https:\/\/lahora.mx\/index.php\/wp-json\/wp\/v2\/posts\/69578\/revisions"}],"predecessor-version":[{"id":69580,"href":"https:\/\/lahora.mx\/index.php\/wp-json\/wp\/v2\/posts\/69578\/revisions\/69580"}],"wp:featuredmedia":[{"embeddable":true,"href":"https:\/\/lahora.mx\/index.php\/wp-json\/wp\/v2\/media\/69579"}],"wp:attachment":[{"href":"https:\/\/lahora.mx\/index.php\/wp-json\/wp\/v2\/media?parent=69578"}],"wp:term":[{"taxonomy":"category","embeddable":true,"href":"https:\/\/lahora.mx\/index.php\/wp-json\/wp\/v2\/categories?post=69578"},{"taxonomy":"post_tag","embeddable":true,"href":"https:\/\/lahora.mx\/index.php\/wp-json\/wp\/v2\/tags?post=69578"}],"curies":[{"name":"wp","href":"https:\/\/api.w.org\/{rel}","templated":true}]}}