{"id":69575,"date":"2025-10-14T17:48:51","date_gmt":"2025-10-14T17:48:51","guid":{"rendered":"https:\/\/lahora.mx\/?p=69575"},"modified":"2025-10-14T17:48:52","modified_gmt":"2025-10-14T17:48:52","slug":"sict-reportan-en-puebla-23-municipios-afectados-y-77-localidades-incomunicadas-tras-lluvias","status":"publish","type":"post","link":"https:\/\/lahora.mx\/index.php\/2025\/10\/14\/sict-reportan-en-puebla-23-municipios-afectados-y-77-localidades-incomunicadas-tras-lluvias\/","title":{"rendered":"\u00a0SICT reportan en Puebla 23 municipios afectados y 77 localidades incomunicadas tras lluvias"},"content":{"rendered":"\n<p>Durante la conferencia matutina de la presidenta Claudia Sheinbaum este 14 de octubre, el titular de la Secretar\u00eda de Comunicaciones, Infraestructura y Transportes (SICT), Jes\u00fas Esteva, inform\u00f3 que&nbsp;<strong>Puebla enfrenta severas afectaciones derivadas de las recientes lluvias<\/strong>, con un saldo de&nbsp;<strong>23 municipios impactados y 77 localidades incomunicadas<\/strong>.<\/p>\n\n\n\n<p>El funcionario detall\u00f3 que en la entidad se han registrado\u00a0<strong>33 incidencias<\/strong>, de las cuales solo cuatro han sido atendidas. Adem\u00e1s,\u00a0<strong>15 caminos permanecen cerrados y cuatro m\u00e1s operan parcialmente<\/strong>, mientras\u00a0<strong>34 m\u00e1quinas y 80 trabajadores<\/strong>\u00a0contin\u00faan con labores de apertura y rehabilitaci\u00f3n de v\u00edas.<br><br>A nivel regional, Esteva se\u00f1al\u00f3 que en los estados de Hidalgo, Puebla, Quer\u00e9taro, San Luis Potos\u00ed y Veracruz se contabilizan en conjunto 358 incidencias relacionadas con los da\u00f1os ocasionados por las lluvias, con 39 puentes afectados.<\/p>\n\n\n\n<p>Para enfrentar la emergencia, el Gobierno de M\u00e9xico despleg\u00f3 667 m\u00e1quinas, m\u00e1s de 4 mil 700 trabajadores y 41 helic\u00f3pteros para realizar puentes a\u00e9reos y atender a las comunidades m\u00e1s aisladas.<\/p>\n\n\n\n<p>En el caso de Puebla, las autoridades mantienen coordinaci\u00f3n con Protecci\u00f3n Civil estatal y la Guardia Nacional para garantizar el restablecimiento de la comunicaci\u00f3n terrestre en las zonas m\u00e1s vulnerables.<\/p>\n","protected":false},"excerpt":{"rendered":"<p>Durante la conferencia matutina de la presidenta Claudia Sheinbaum este 14 de octubre, el titular de la Secretar\u00eda de Comunicaciones, Infraestructura y Transportes (SICT), Jes\u00fas Esteva, inform\u00f3 que&nbsp;Puebla enfrenta severas afectaciones derivadas de las recientes lluvias, con un saldo de&nbsp;23 municipios impactados y 77 localidades incomunicadas. El funcionario detall\u00f3 que en la entidad se han [&hellip;]<\/p>\n","protected":false},"author":1,"featured_media":69576,"comment_status":"open","ping_status":"open","sticky":false,"template":"","format":"standard","meta":{"om_disable_all_campaigns":false,"_monsterinsights_skip_tracking":false,"_monsterinsights_sitenote_active":false,"_monsterinsights_sitenote_note":"","_monsterinsights_sitenote_category":0,"footnotes":""},"categories":[175],"tags":[],"class_list":["post-69575","post","type-post","status-publish","format-standard","has-post-thumbnail","hentry","category-local"],"amp_enabled":true,"_links":{"self":[{"href":"https:\/\/lahora.mx\/index.php\/wp-json\/wp\/v2\/posts\/69575","targetHints":{"allow":["GET"]}}],"collection":[{"href":"https:\/\/lahora.mx\/index.php\/wp-json\/wp\/v2\/posts"}],"about":[{"href":"https:\/\/lahora.mx\/index.php\/wp-json\/wp\/v2\/types\/post"}],"author":[{"embeddable":true,"href":"https:\/\/lahora.mx\/index.php\/wp-json\/wp\/v2\/users\/1"}],"replies":[{"embeddable":true,"href":"https:\/\/lahora.mx\/index.php\/wp-json\/wp\/v2\/comments?post=69575"}],"version-history":[{"count":1,"href":"https:\/\/lahora.mx\/index.php\/wp-json\/wp\/v2\/posts\/69575\/revisions"}],"predecessor-version":[{"id":69577,"href":"https:\/\/lahora.mx\/index.php\/wp-json\/wp\/v2\/posts\/69575\/revisions\/69577"}],"wp:featuredmedia":[{"embeddable":true,"href":"https:\/\/lahora.mx\/index.php\/wp-json\/wp\/v2\/media\/69576"}],"wp:attachment":[{"href":"https:\/\/lahora.mx\/index.php\/wp-json\/wp\/v2\/media?parent=69575"}],"wp:term":[{"taxonomy":"category","embeddable":true,"href":"https:\/\/lahora.mx\/index.php\/wp-json\/wp\/v2\/categories?post=69575"},{"taxonomy":"post_tag","embeddable":true,"href":"https:\/\/lahora.mx\/index.php\/wp-json\/wp\/v2\/tags?post=69575"}],"curies":[{"name":"wp","href":"https:\/\/api.w.org\/{rel}","templated":true}]}}