{"id":69553,"date":"2025-10-14T16:57:20","date_gmt":"2025-10-14T16:57:20","guid":{"rendered":"https:\/\/lahora.mx\/?p=69553"},"modified":"2025-10-14T16:57:21","modified_gmt":"2025-10-14T16:57:21","slug":"caen-en-quecholac-la-gorda-y-el-norteno-vinculados-a-robos-con-violencia","status":"publish","type":"post","link":"https:\/\/lahora.mx\/index.php\/2025\/10\/14\/caen-en-quecholac-la-gorda-y-el-norteno-vinculados-a-robos-con-violencia\/","title":{"rendered":"Caen en Quecholac la Gorda y El Norte\u00f1o, vinculados a robos con violencia"},"content":{"rendered":"\n<p>Como resultado de un operativo y derivado de diversas labores policiales, la Secretar\u00eda de Seguridad P\u00fablica (SSP) y la Secretar\u00eda de Marina (SEMAR) detuvieron a una mujer y un hombre, presuntamente dedicados al robo con violencia mediante la oferta de veh\u00edculos a bajo costo en Facebook.<\/p>\n\n\n\n<p>Se trata de Elisa N., alias \u201cLa Gorda\u201d, de 34 a\u00f1os y Luis N., alias \u201cEl Norte\u00f1o\u201d, de 22 a\u00f1os, identificados como principales operadores de \u201cLos Carriles\u201d, con operaciones en San Mart\u00edn Texmelucan y Huejotzingo, y cuyo l\u00edder permanece privado de la libertad en el penal distrital de Tecamachalco.<br><br>Cabe recordar que, \u201cLa Gorda\u201d fue capturada en el mes de septiembre, sin embargo la autoridad judicial le otorg\u00f3 libertad condicional. Adem\u00e1s, El Norte\u00f1o\u201d cuenta con registros penales por robo y delitos contra la salud.<\/p>\n\n\n\n<p>Durante esta intervenci\u00f3n, que se registr\u00f3 en la localidad de Francisco I. Madero, Quecholac, se aseguraron dos armas de fuego, cartuchos \u00fatiles, envoltorios con posible droga y un veh\u00edculo con placas de circulaci\u00f3n del Estado de M\u00e9xico.<\/p>\n","protected":false},"excerpt":{"rendered":"<p>Como resultado de un operativo y derivado de diversas labores policiales, la Secretar\u00eda de Seguridad P\u00fablica (SSP) y la Secretar\u00eda de Marina (SEMAR) detuvieron a una mujer y un hombre, presuntamente dedicados al robo con violencia mediante la oferta de veh\u00edculos a bajo costo en Facebook. Se trata de Elisa N., alias \u201cLa Gorda\u201d, de [&hellip;]<\/p>\n","protected":false},"author":1,"featured_media":69554,"comment_status":"open","ping_status":"open","sticky":false,"template":"","format":"standard","meta":{"om_disable_all_campaigns":false,"_monsterinsights_skip_tracking":false,"_monsterinsights_sitenote_active":false,"_monsterinsights_sitenote_note":"","_monsterinsights_sitenote_category":0,"footnotes":""},"categories":[175,226],"tags":[],"class_list":["post-69553","post","type-post","status-publish","format-standard","has-post-thumbnail","hentry","category-local","category-policia"],"amp_enabled":true,"_links":{"self":[{"href":"https:\/\/lahora.mx\/index.php\/wp-json\/wp\/v2\/posts\/69553","targetHints":{"allow":["GET"]}}],"collection":[{"href":"https:\/\/lahora.mx\/index.php\/wp-json\/wp\/v2\/posts"}],"about":[{"href":"https:\/\/lahora.mx\/index.php\/wp-json\/wp\/v2\/types\/post"}],"author":[{"embeddable":true,"href":"https:\/\/lahora.mx\/index.php\/wp-json\/wp\/v2\/users\/1"}],"replies":[{"embeddable":true,"href":"https:\/\/lahora.mx\/index.php\/wp-json\/wp\/v2\/comments?post=69553"}],"version-history":[{"count":1,"href":"https:\/\/lahora.mx\/index.php\/wp-json\/wp\/v2\/posts\/69553\/revisions"}],"predecessor-version":[{"id":69555,"href":"https:\/\/lahora.mx\/index.php\/wp-json\/wp\/v2\/posts\/69553\/revisions\/69555"}],"wp:featuredmedia":[{"embeddable":true,"href":"https:\/\/lahora.mx\/index.php\/wp-json\/wp\/v2\/media\/69554"}],"wp:attachment":[{"href":"https:\/\/lahora.mx\/index.php\/wp-json\/wp\/v2\/media?parent=69553"}],"wp:term":[{"taxonomy":"category","embeddable":true,"href":"https:\/\/lahora.mx\/index.php\/wp-json\/wp\/v2\/categories?post=69553"},{"taxonomy":"post_tag","embeddable":true,"href":"https:\/\/lahora.mx\/index.php\/wp-json\/wp\/v2\/tags?post=69553"}],"curies":[{"name":"wp","href":"https:\/\/api.w.org\/{rel}","templated":true}]}}