{"id":69519,"date":"2025-10-14T00:48:40","date_gmt":"2025-10-14T00:48:40","guid":{"rendered":"https:\/\/lahora.mx\/?p=69519"},"modified":"2025-10-14T00:48:41","modified_gmt":"2025-10-14T00:48:41","slug":"fuerzas-armadas-con-sensibilidad-y-prontitud-atienden-a-la-poblacion-afectada-en-la-sierra-norte","status":"publish","type":"post","link":"https:\/\/lahora.mx\/index.php\/2025\/10\/14\/fuerzas-armadas-con-sensibilidad-y-prontitud-atienden-a-la-poblacion-afectada-en-la-sierra-norte\/","title":{"rendered":"Fuerzas armadas, con sensibilidad y prontitud, atienden a la poblaci\u00f3n afectada en la\u00a0Sierra\u00a0Norte"},"content":{"rendered":"\n<p>Con la coordinaci\u00f3n y respaldo de la Secretar\u00eda de la Defensa Nacional (DEFENSA), Secretar\u00eda de la Marina (SEMAR) y Guardia Nacional (GN), el Gobierno del Estado brinda pronta respuesta y atenci\u00f3n a las familias de la Sierra Norte, afectadas por las lluvias que azotaron a la entidad poblana y que dej\u00f3 miles de personas damnificadas.<\/p>\n\n\n\n<figure class=\"wp-block-image size-full\"><img fetchpriority=\"high\" decoding=\"async\" width=\"869\" height=\"569\" src=\"https:\/\/lahora.mx\/wp-content\/uploads\/2025\/10\/Captura-de-Pantalla-2025-10-13-a-las-18.47.15.png\" alt=\"\" class=\"wp-image-69521\" srcset=\"https:\/\/lahora.mx\/wp-content\/uploads\/2025\/10\/Captura-de-Pantalla-2025-10-13-a-las-18.47.15.png 869w, https:\/\/lahora.mx\/wp-content\/uploads\/2025\/10\/Captura-de-Pantalla-2025-10-13-a-las-18.47.15-300x196.png 300w, https:\/\/lahora.mx\/wp-content\/uploads\/2025\/10\/Captura-de-Pantalla-2025-10-13-a-las-18.47.15-768x503.png 768w\" sizes=\"(max-width: 869px) 100vw, 869px\" \/><\/figure>\n\n\n\n<p>El gobernador de Puebla, Alejandro Armenta, destac\u00f3 la labor de las fuerzas armadas durante la contingencia en los municipios afectados, ya que a pesar de las condiciones climatol\u00f3gicas, durante el fin de semana, los equipos emprendieron acciones de salvamento y limpieza. Puntualiz\u00f3 que con la maquinaria enviada por parte de la Defensa y Marina trabajan en conjunto con los m\u00f3dulos de maquinaria de la entidad, para la apertura de caminos y carreteras da\u00f1adas<\/p>\n\n\n\n<p>La presencia de dichas instituciones ha sido fundamental para evacuar a familias en riesgo, distribuir apoyos, resguardar albergues y viviendas; as\u00ed como para brindar atenci\u00f3n m\u00e9dica y alimentaria.<\/p>\n\n\n\n<figure class=\"wp-block-image size-full\"><img decoding=\"async\" width=\"864\" height=\"562\" src=\"https:\/\/lahora.mx\/wp-content\/uploads\/2025\/10\/Captura-de-Pantalla-2025-10-13-a-las-18.47.07.png\" alt=\"\" class=\"wp-image-69522\" srcset=\"https:\/\/lahora.mx\/wp-content\/uploads\/2025\/10\/Captura-de-Pantalla-2025-10-13-a-las-18.47.07.png 864w, https:\/\/lahora.mx\/wp-content\/uploads\/2025\/10\/Captura-de-Pantalla-2025-10-13-a-las-18.47.07-300x195.png 300w, https:\/\/lahora.mx\/wp-content\/uploads\/2025\/10\/Captura-de-Pantalla-2025-10-13-a-las-18.47.07-768x500.png 768w\" sizes=\"(max-width: 864px) 100vw, 864px\" \/><\/figure>\n\n\n\n<p>La Secretar\u00eda de la Defensa Nacional implement\u00f3 desde primer momento el Plan DN-III-E, movilizaron tres aeronaves, una cocina m\u00f3vil, una planta potabilizadora, un hospital militar, entre otros recursos. Las acciones que han llevado a cabo son la entrega de m\u00e1s de 3 mil despensas, 56 litros de agua embotellada, mil raciones calientes de alimentos y evacuaron en lancha a 12 personas.<\/p>\n\n\n\n<p>La Secretar\u00eda de la Marina efectu\u00f3 tres vuelos, uno para evacuar seis personas y dos m\u00e1s para otorgar despensas, hasta el momento han entregado mil 500 paquetes y m\u00e1s de 2 mil 400 litros de agua. Tienen desplazados 3 veh\u00edculos, tres embarcaciones, una planta potabilizadora, un avi\u00f3n y un helic\u00f3ptero.<\/p>\n\n\n\n<figure class=\"wp-block-image size-full\"><img decoding=\"async\" width=\"865\" height=\"560\" src=\"https:\/\/lahora.mx\/wp-content\/uploads\/2025\/10\/Captura-de-Pantalla-2025-10-13-a-las-18.47.59.png\" alt=\"\" class=\"wp-image-69523\" srcset=\"https:\/\/lahora.mx\/wp-content\/uploads\/2025\/10\/Captura-de-Pantalla-2025-10-13-a-las-18.47.59.png 865w, https:\/\/lahora.mx\/wp-content\/uploads\/2025\/10\/Captura-de-Pantalla-2025-10-13-a-las-18.47.59-300x194.png 300w, https:\/\/lahora.mx\/wp-content\/uploads\/2025\/10\/Captura-de-Pantalla-2025-10-13-a-las-18.47.59-768x497.png 768w\" sizes=\"(max-width: 865px) 100vw, 865px\" \/><\/figure>\n\n\n\n<p>Es importante se\u00f1alar que la Secretar\u00eda de la Defensa tiene desplegados en la entidad a mil 047 elementos, por parte de la Guardia Nacional son mil 100 efectivos, mientras que la Secretar\u00eda de Marina tiene a mil 125 integrantes.<\/p>\n","protected":false},"excerpt":{"rendered":"<p>Con la coordinaci\u00f3n y respaldo de la Secretar\u00eda de la Defensa Nacional (DEFENSA), Secretar\u00eda de la Marina (SEMAR) y Guardia Nacional (GN), el Gobierno del Estado brinda pronta respuesta y atenci\u00f3n a las familias de la Sierra Norte, afectadas por las lluvias que azotaron a la entidad poblana y que dej\u00f3 miles de personas damnificadas. [&hellip;]<\/p>\n","protected":false},"author":1,"featured_media":69520,"comment_status":"open","ping_status":"open","sticky":false,"template":"","format":"standard","meta":{"om_disable_all_campaigns":false,"_monsterinsights_skip_tracking":false,"_monsterinsights_sitenote_active":false,"_monsterinsights_sitenote_note":"","_monsterinsights_sitenote_category":0,"footnotes":""},"categories":[175,176],"tags":[195],"class_list":["post-69519","post","type-post","status-publish","format-standard","has-post-thumbnail","hentry","category-local","category-nacional","tag-principal"],"amp_enabled":true,"_links":{"self":[{"href":"https:\/\/lahora.mx\/index.php\/wp-json\/wp\/v2\/posts\/69519","targetHints":{"allow":["GET"]}}],"collection":[{"href":"https:\/\/lahora.mx\/index.php\/wp-json\/wp\/v2\/posts"}],"about":[{"href":"https:\/\/lahora.mx\/index.php\/wp-json\/wp\/v2\/types\/post"}],"author":[{"embeddable":true,"href":"https:\/\/lahora.mx\/index.php\/wp-json\/wp\/v2\/users\/1"}],"replies":[{"embeddable":true,"href":"https:\/\/lahora.mx\/index.php\/wp-json\/wp\/v2\/comments?post=69519"}],"version-history":[{"count":1,"href":"https:\/\/lahora.mx\/index.php\/wp-json\/wp\/v2\/posts\/69519\/revisions"}],"predecessor-version":[{"id":69524,"href":"https:\/\/lahora.mx\/index.php\/wp-json\/wp\/v2\/posts\/69519\/revisions\/69524"}],"wp:featuredmedia":[{"embeddable":true,"href":"https:\/\/lahora.mx\/index.php\/wp-json\/wp\/v2\/media\/69520"}],"wp:attachment":[{"href":"https:\/\/lahora.mx\/index.php\/wp-json\/wp\/v2\/media?parent=69519"}],"wp:term":[{"taxonomy":"category","embeddable":true,"href":"https:\/\/lahora.mx\/index.php\/wp-json\/wp\/v2\/categories?post=69519"},{"taxonomy":"post_tag","embeddable":true,"href":"https:\/\/lahora.mx\/index.php\/wp-json\/wp\/v2\/tags?post=69519"}],"curies":[{"name":"wp","href":"https:\/\/api.w.org\/{rel}","templated":true}]}}