{"id":69516,"date":"2025-10-14T00:44:31","date_gmt":"2025-10-14T00:44:31","guid":{"rendered":"https:\/\/lahora.mx\/?p=69516"},"modified":"2025-10-14T00:44:32","modified_gmt":"2025-10-14T00:44:32","slug":"garcia-parra-anuncia-que-puebla-tendra-nuevo-atlas-de-riesgo-en-menos-de-seis-meses","status":"publish","type":"post","link":"https:\/\/lahora.mx\/index.php\/2025\/10\/14\/garcia-parra-anuncia-que-puebla-tendra-nuevo-atlas-de-riesgo-en-menos-de-seis-meses\/","title":{"rendered":"Garc\u00eda Parra anuncia que Puebla tendr\u00e1 nuevo Atlas de Riesgo en menos de seis meses"},"content":{"rendered":"\n<p>El coordinador del Gabinete Estatal, Jos\u00e9 Luis Garc\u00eda Parra, inform\u00f3 que la administraci\u00f3n del gobernador Alejandro Armenta ya trabaja en la actualizaci\u00f3n del Atlas de Riesgo del estado, el cual ten\u00eda m\u00e1s de 10 a\u00f1os sin ser actualizado. El funcionario indic\u00f3 que estar\u00e1 listo y alineado con el Atlas nacional en un plazo no mayor a seis meses.<\/p>\n\n\n\n<p>En conferencia de prensa, Garc\u00eda Parra inform\u00f3 tambi\u00e9n que \u00fanicamente 38 de los 217 municipios del estado han cumplido con la actualizaci\u00f3n de sus Atlas de Riesgo. Afirm\u00f3 que se seguir\u00e1 exhortando, a trav\u00e9s del secretario de Gobernaci\u00f3n Samuel Aguilar Pala, a todos los alcaldes del estado para que los actualicen en los siguientes seis meses.<\/p>\n\n\n\n<p>\u201cTenemos reportado que 38 municipios han cumplido con la actualizaci\u00f3n de su atlas de riesgo. Por parte del Gobierno del Estado, el se\u00f1or gobernador ya nos hab\u00eda instruido desde inicios de a\u00f1o que iniciamos las gestiones correspondientes para actualizar el Atlas de riesgo del estado, tiene un poco m\u00e1s de 10 a\u00f1os que no se actualiza\u201d, afirm\u00f3.<\/p>\n\n\n\n<p>En ese orden de ideas, Garc\u00eda Parra refiri\u00f3 que antes de medio a\u00f1o se presentar\u00e1 el nuevo atlas actualizado, lo que permitir\u00e1 fortalecer las estrategias de protecci\u00f3n civil y reducir los riesgos ante posibles desastres naturales.<\/p>\n\n\n\n<p>\u201cEstamos trabajando, ya alineado al Atlas nacional y seguramente estaremos concluyendo en un plazo no mayor a seis meses; y en su momento lo va a presentar el se\u00f1or gobernador\u201d, dijo.<\/p>\n\n\n\n<p>El funcionario destac\u00f3 tambi\u00e9n la importancia de que los presidentes municipales tomen conciencia de la necesidad de orientar recursos hacia la actualizaci\u00f3n de los Atlas de Riesgo, ya que en cualquier momento un fen\u00f3meno natural puede afectar a sus comunidades.<\/p>\n\n\n\n<p>\u201cEste es un buen momento para que las autoridades municipales hagan conciencia de que en cualquier momento alg\u00fan fen\u00f3meno puede impactar y la inversi\u00f3n para hacer una reconstrucci\u00f3n y atenci\u00f3n a las familias ser\u00eda mucho mayor de lo que les cuesta ahorita tener y contar con un Atlas de Riesgo\u201d, coment\u00f3.<\/p>\n\n\n\n<p>El Atlas de Riesgo es una herramienta t\u00e9cnica y de planeaci\u00f3n que identifica, analiza y representa en mapas las zonas vulnerables ante desastres naturales o provocados por el ser humano, como sismos, inundaciones, deslizamientos, incendios o fugas qu\u00edmicas. Su objetivo es prevenir da\u00f1os y orientar decisiones en materia de protecci\u00f3n civil, ordenamiento territorial y desarrollo urbano.<\/p>\n","protected":false},"excerpt":{"rendered":"<p>El coordinador del Gabinete Estatal, Jos\u00e9 Luis Garc\u00eda Parra, inform\u00f3 que la administraci\u00f3n del gobernador Alejandro Armenta ya trabaja en la actualizaci\u00f3n del Atlas de Riesgo del estado, el cual ten\u00eda m\u00e1s de 10 a\u00f1os sin ser actualizado. El funcionario indic\u00f3 que estar\u00e1 listo y alineado con el Atlas nacional en un plazo no mayor [&hellip;]<\/p>\n","protected":false},"author":1,"featured_media":69517,"comment_status":"open","ping_status":"open","sticky":false,"template":"","format":"standard","meta":{"om_disable_all_campaigns":false,"_monsterinsights_skip_tracking":false,"_monsterinsights_sitenote_active":false,"_monsterinsights_sitenote_note":"","_monsterinsights_sitenote_category":0,"footnotes":""},"categories":[5],"tags":[],"class_list":["post-69516","post","type-post","status-publish","format-standard","has-post-thumbnail","hentry","category-politica"],"amp_enabled":true,"_links":{"self":[{"href":"https:\/\/lahora.mx\/index.php\/wp-json\/wp\/v2\/posts\/69516","targetHints":{"allow":["GET"]}}],"collection":[{"href":"https:\/\/lahora.mx\/index.php\/wp-json\/wp\/v2\/posts"}],"about":[{"href":"https:\/\/lahora.mx\/index.php\/wp-json\/wp\/v2\/types\/post"}],"author":[{"embeddable":true,"href":"https:\/\/lahora.mx\/index.php\/wp-json\/wp\/v2\/users\/1"}],"replies":[{"embeddable":true,"href":"https:\/\/lahora.mx\/index.php\/wp-json\/wp\/v2\/comments?post=69516"}],"version-history":[{"count":1,"href":"https:\/\/lahora.mx\/index.php\/wp-json\/wp\/v2\/posts\/69516\/revisions"}],"predecessor-version":[{"id":69518,"href":"https:\/\/lahora.mx\/index.php\/wp-json\/wp\/v2\/posts\/69516\/revisions\/69518"}],"wp:featuredmedia":[{"embeddable":true,"href":"https:\/\/lahora.mx\/index.php\/wp-json\/wp\/v2\/media\/69517"}],"wp:attachment":[{"href":"https:\/\/lahora.mx\/index.php\/wp-json\/wp\/v2\/media?parent=69516"}],"wp:term":[{"taxonomy":"category","embeddable":true,"href":"https:\/\/lahora.mx\/index.php\/wp-json\/wp\/v2\/categories?post=69516"},{"taxonomy":"post_tag","embeddable":true,"href":"https:\/\/lahora.mx\/index.php\/wp-json\/wp\/v2\/tags?post=69516"}],"curies":[{"name":"wp","href":"https:\/\/api.w.org\/{rel}","templated":true}]}}