{"id":69513,"date":"2025-10-14T00:11:53","date_gmt":"2025-10-14T00:11:53","guid":{"rendered":"https:\/\/lahora.mx\/?p=69513"},"modified":"2025-10-14T00:11:54","modified_gmt":"2025-10-14T00:11:54","slug":"hospital-san-alejandro-listo-para-reabrir-tras-ocho-anos-de-espera","status":"publish","type":"post","link":"https:\/\/lahora.mx\/index.php\/2025\/10\/14\/hospital-san-alejandro-listo-para-reabrir-tras-ocho-anos-de-espera\/","title":{"rendered":"Hospital San Alejandro, listo para reabrir tras ocho a\u00f1os de espera"},"content":{"rendered":"\n<p>Tras ocho a\u00f1os de espera provocados por el sismo del 19 de septiembre de 2017, la reconstrucci\u00f3n del Hospital General Regional No. 36 \u201cSan Alejandro\u201d del IMSS parece entrar en su recta final. El entorno del inmueble ya muestra se\u00f1ales de transici\u00f3n: los trabajadores comenzaron a retirar la madera que durante a\u00f1os lo rode\u00f3, posiblemente de una pronta apertura que, seg\u00fan fuentes oficiales, ser\u00e1 a corto plazo.<\/p>\n\n\n\n<p>El antiguo San Alejandro qued\u00f3 gravemente da\u00f1ado por el sismo del 2017. En 2020, un dictamen de la Secretar\u00eda de la Defensa Nacional determin\u00f3 que su estructura era inviable.<\/p>\n\n\n\n<p>Durante ese lapso, el inmueble original termin\u00f3 demolido en 2021 y el proyecto de sustituirlo fue asumido por ingenieros militares.<\/p>\n\n\n\n<p>Indicios concretos: retiro de madera y preparativos finales para la reapertura de San Alejandro<br>De esta manera, los trabajadores han iniciado la remoci\u00f3n de tablas de madera que serv\u00edan para tapar el proyecto del nuevo edificio, lo que coincide con el ingreso de personal de salud a revisar instalaciones, recibir capacitaciones y familiarizarse con nuevos espacios.<\/p>\n\n\n\n<p>La residente en medicina familiar, Guadalupe Medina, refiri\u00f3 que ya se recorren \u00e1reas como urgencias, ginecolog\u00eda, cirug\u00eda y medicina interna, y que durante la semana podr\u00eda convocar a m\u00e9dicos en formaci\u00f3n para conocer el sitio.<\/p>\n\n\n\n<p>Paralelamente, en la v\u00eda p\u00fablica alrededor del hospital ya se observan puestos ambulantes de alimentos y servicios, anticipando la llegada de personal y afluencia creciente.<\/p>\n\n\n\n<p>\u00bfCu\u00e1ndo abrir\u00e1 sus puertas?<br>El IMSS confirm\u00f3 recientemente que la inauguraci\u00f3n est\u00e1 programada para octubre de 2025. En un bolet\u00edn, se anticip\u00f3 que el nosocomio atender\u00e1 m\u00e1s de 550 mil derechohabientes.<\/p>\n\n\n\n<p>Una nota publicada en Diario CAMBIO se\u00f1ala que el 15 de octubre podr\u00eda ser la fecha en que el hospital reabra sus puertas, con cirug\u00edas ya est\u00e1n programadas.<\/p>\n\n\n\n<p>Seg\u00fan datos del IMSS, tendr\u00e1 180 camas, 37 consultorios, 6 quir\u00f3fanos y 35 especialidades.<\/p>\n\n\n\n<p>Se prev\u00e9n servicios de hemodi\u00e1lisis, oncolog\u00eda con sillones para quimioterapia, cl\u00ednica de mama, salas de endoscop\u00eda, imagenolog\u00eda de punta como tom\u00f3grafo, mast\u00f3grafo, ecocardi\u00f3grafo tridimensional, rayos X, entre otros equipos especializados.<\/p>\n\n\n\n<p>El edificio se extiende en m\u00e1s de 32 mil metros cuadrados con siete cuerpos separados, con una inversi\u00f3n que en alg\u00fan momento se report\u00f3 en m\u00e1s de mil 600 millones de pesos.<\/p>\n","protected":false},"excerpt":{"rendered":"<p>Tras ocho a\u00f1os de espera provocados por el sismo del 19 de septiembre de 2017, la reconstrucci\u00f3n del Hospital General Regional No. 36 \u201cSan Alejandro\u201d del IMSS parece entrar en su recta final. El entorno del inmueble ya muestra se\u00f1ales de transici\u00f3n: los trabajadores comenzaron a retirar la madera que durante a\u00f1os lo rode\u00f3, posiblemente [&hellip;]<\/p>\n","protected":false},"author":1,"featured_media":69514,"comment_status":"open","ping_status":"open","sticky":false,"template":"","format":"standard","meta":{"om_disable_all_campaigns":false,"_monsterinsights_skip_tracking":false,"_monsterinsights_sitenote_active":false,"_monsterinsights_sitenote_note":"","_monsterinsights_sitenote_category":0,"footnotes":""},"categories":[175],"tags":[239,195,223],"class_list":["post-69513","post","type-post","status-publish","format-standard","has-post-thumbnail","hentry","category-local","tag-gobierno","tag-principal","tag-puebla"],"amp_enabled":true,"_links":{"self":[{"href":"https:\/\/lahora.mx\/index.php\/wp-json\/wp\/v2\/posts\/69513","targetHints":{"allow":["GET"]}}],"collection":[{"href":"https:\/\/lahora.mx\/index.php\/wp-json\/wp\/v2\/posts"}],"about":[{"href":"https:\/\/lahora.mx\/index.php\/wp-json\/wp\/v2\/types\/post"}],"author":[{"embeddable":true,"href":"https:\/\/lahora.mx\/index.php\/wp-json\/wp\/v2\/users\/1"}],"replies":[{"embeddable":true,"href":"https:\/\/lahora.mx\/index.php\/wp-json\/wp\/v2\/comments?post=69513"}],"version-history":[{"count":1,"href":"https:\/\/lahora.mx\/index.php\/wp-json\/wp\/v2\/posts\/69513\/revisions"}],"predecessor-version":[{"id":69515,"href":"https:\/\/lahora.mx\/index.php\/wp-json\/wp\/v2\/posts\/69513\/revisions\/69515"}],"wp:featuredmedia":[{"embeddable":true,"href":"https:\/\/lahora.mx\/index.php\/wp-json\/wp\/v2\/media\/69514"}],"wp:attachment":[{"href":"https:\/\/lahora.mx\/index.php\/wp-json\/wp\/v2\/media?parent=69513"}],"wp:term":[{"taxonomy":"category","embeddable":true,"href":"https:\/\/lahora.mx\/index.php\/wp-json\/wp\/v2\/categories?post=69513"},{"taxonomy":"post_tag","embeddable":true,"href":"https:\/\/lahora.mx\/index.php\/wp-json\/wp\/v2\/tags?post=69513"}],"curies":[{"name":"wp","href":"https:\/\/api.w.org\/{rel}","templated":true}]}}