{"id":6949,"date":"2022-05-15T19:45:35","date_gmt":"2022-05-15T19:45:35","guid":{"rendered":"http:\/\/lahora.mx\/?p=6949"},"modified":"2022-05-15T19:45:57","modified_gmt":"2022-05-15T19:45:57","slug":"dictan-prision-preventiva-a-exregidor-sergio-quiroz","status":"publish","type":"post","link":"https:\/\/lahora.mx\/index.php\/2022\/05\/15\/dictan-prision-preventiva-a-exregidor-sergio-quiroz\/","title":{"rendered":"Prisi\u00f3n preventiva a exregidor Sergio Quiroz"},"content":{"rendered":"\n<p>El&nbsp;<strong>exregidor panista de San Andr\u00e9s Cholula<\/strong>,&nbsp;<strong>Sergio<\/strong>&nbsp;<strong>Quiroz<\/strong>&nbsp;<strong>Corona<\/strong>, se quedar\u00e1 en&nbsp;<strong>prisi\u00f3n preventiva<\/strong>&nbsp;hasta una pr\u00f3xima&nbsp;<strong>audiencia, acusado del delito de despojo<\/strong>.<\/p>\n\n\n\n<p>Trascendi\u00f3 que la juez&nbsp;<strong>Karla Patricia Ambrosio<\/strong>&nbsp;determin\u00f3 que el exfuncionario quede en prisi\u00f3n preventiva lo mismo que&nbsp;<strong>Alfonso L. F.<\/strong>, quien supuestamente es c\u00f3mplice del ex regidor sanandrese\u00f1o.<\/p>\n\n\n\n<p>Se inform\u00f3 que ambos permanecer\u00e1n en prisi\u00f3n preventiva hasta la pr\u00f3xima semana que se realizar\u00e1 una nueva audiencia sobre el caso donde se les acusa de&nbsp;<strong>despojar de manera ilegal un predio&nbsp;<\/strong>ubicado en la junta auxiliar de&nbsp;<strong>San Antonio Cacalotepec<\/strong>.<\/p>\n\n\n\n<p>Cabe se\u00f1alar que las v\u00edctimas del presunto despojo, indicaron que recibieron varias&nbsp;<strong>amenazas&nbsp;<\/strong>por parte de quien tambi\u00e9n fuera&nbsp;<strong>extesorero<\/strong>&nbsp;de la administraci\u00f3n de&nbsp;<strong>Leoncio Paisano Arias,<\/strong><strong>&nbsp;p<\/strong>or lo que exigen se haga justicia tras las supuestas irregularidades cometidas por Sergio Quiroz y su c\u00f3mplice.<\/p>\n","protected":false},"excerpt":{"rendered":"<p>El&nbsp;exregidor panista de San Andr\u00e9s Cholula,&nbsp;Sergio&nbsp;Quiroz&nbsp;Corona, se quedar\u00e1 en&nbsp;prisi\u00f3n preventiva&nbsp;hasta una pr\u00f3xima&nbsp;audiencia, acusado del delito de despojo. Trascendi\u00f3 que la juez&nbsp;Karla Patricia Ambrosio&nbsp;determin\u00f3 que el exfuncionario quede en prisi\u00f3n preventiva lo mismo que&nbsp;Alfonso L. F., quien supuestamente es c\u00f3mplice del ex regidor sanandrese\u00f1o. Se inform\u00f3 que ambos permanecer\u00e1n en prisi\u00f3n preventiva hasta la pr\u00f3xima semana [&hellip;]<\/p>\n","protected":false},"author":4,"featured_media":6950,"comment_status":"open","ping_status":"open","sticky":false,"template":"","format":"standard","meta":{"om_disable_all_campaigns":false,"_monsterinsights_skip_tracking":false,"_monsterinsights_sitenote_active":false,"_monsterinsights_sitenote_note":"","_monsterinsights_sitenote_category":0,"footnotes":""},"categories":[175],"tags":[223],"class_list":["post-6949","post","type-post","status-publish","format-standard","has-post-thumbnail","hentry","category-local","tag-puebla"],"amp_enabled":true,"_links":{"self":[{"href":"https:\/\/lahora.mx\/index.php\/wp-json\/wp\/v2\/posts\/6949","targetHints":{"allow":["GET"]}}],"collection":[{"href":"https:\/\/lahora.mx\/index.php\/wp-json\/wp\/v2\/posts"}],"about":[{"href":"https:\/\/lahora.mx\/index.php\/wp-json\/wp\/v2\/types\/post"}],"author":[{"embeddable":true,"href":"https:\/\/lahora.mx\/index.php\/wp-json\/wp\/v2\/users\/4"}],"replies":[{"embeddable":true,"href":"https:\/\/lahora.mx\/index.php\/wp-json\/wp\/v2\/comments?post=6949"}],"version-history":[{"count":2,"href":"https:\/\/lahora.mx\/index.php\/wp-json\/wp\/v2\/posts\/6949\/revisions"}],"predecessor-version":[{"id":6952,"href":"https:\/\/lahora.mx\/index.php\/wp-json\/wp\/v2\/posts\/6949\/revisions\/6952"}],"wp:featuredmedia":[{"embeddable":true,"href":"https:\/\/lahora.mx\/index.php\/wp-json\/wp\/v2\/media\/6950"}],"wp:attachment":[{"href":"https:\/\/lahora.mx\/index.php\/wp-json\/wp\/v2\/media?parent=6949"}],"wp:term":[{"taxonomy":"category","embeddable":true,"href":"https:\/\/lahora.mx\/index.php\/wp-json\/wp\/v2\/categories?post=6949"},{"taxonomy":"post_tag","embeddable":true,"href":"https:\/\/lahora.mx\/index.php\/wp-json\/wp\/v2\/tags?post=6949"}],"curies":[{"name":"wp","href":"https:\/\/api.w.org\/{rel}","templated":true}]}}