{"id":69482,"date":"2025-10-13T16:29:22","date_gmt":"2025-10-13T16:29:22","guid":{"rendered":"https:\/\/lahora.mx\/?p=69482"},"modified":"2025-10-13T16:29:22","modified_gmt":"2025-10-13T16:29:22","slug":"reporta-armenta-en-la-mananera-de-sheinbaum-13-muertos-y-4-desaparecidos-por-deslaves-en-puebla","status":"publish","type":"post","link":"https:\/\/lahora.mx\/index.php\/2025\/10\/13\/reporta-armenta-en-la-mananera-de-sheinbaum-13-muertos-y-4-desaparecidos-por-deslaves-en-puebla\/","title":{"rendered":"Reporta Armenta en la ma\u00f1anera de Sheinbaum 13 muertos y 4 desaparecidos por deslaves en Puebla"},"content":{"rendered":"\n<p>El gobernador de Puebla, Alejandro Armenta Mier, present\u00f3 un informe sobre los da\u00f1os ocasionados por las recientes lluvias en el estado durante la conferencia de prensa encabezada por la presidenta Claudia Sheinbaum. El mandatario estatal inform\u00f3 que los deslaves registrados en distintos puntos de la entidad han dejado un saldo de 13 personas fallecidas y 4 desaparecidas en un total de 23 municipios afectados.<\/p>\n\n\n\n<p>Armenta detall\u00f3 que, adem\u00e1s de las p\u00e9rdidas humanas, se han reportado afectaciones estructurales en 19 puentes y 33 tramos carreteros, lo que ha dificultado el acceso a diversas comunidades de la Sierra Norte. Se\u00f1al\u00f3 que las autoridades estatales y federales mantienen activos los protocolos de emergencia para atender a la poblaci\u00f3n damnificada, mientras contin\u00faan las labores de b\u00fasqueda, rescate y rehabilitaci\u00f3n de caminos.<br><br>El gobernador explic\u00f3 que actualmente 68 m\u00e1quinas trabajan en 11 puntos de operaci\u00f3n ubicados en los municipios de Chiconcuautla, Zeta Mena, Huauchinango, Jalpan, Pahuatl\u00e1n, Pantepec, Tlaxco, Tlacuilotepec, Jicotepec, Zacatl\u00e1n y Soquiapan, donde se realizan tareas de limpieza, remoci\u00f3n de escombros y restablecimiento de la comunicaci\u00f3n terrestre.<\/p>\n\n\n\n<p>Asimismo, destac\u00f3 que se han establecido puentes a\u00e9reos para el env\u00edo de v\u00edveres y suministros, tras la reapertura del espacio a\u00e9reo en las zonas m\u00e1s afectadas. En coordinaci\u00f3n con el Ej\u00e9rcito Mexicano, la Guardia Nacional y Protecci\u00f3n Civil, se han atendido las \u00e1reas inundadas y se contin\u00faa con la limpieza de viviendas, especialmente en Huauchinango y La Ceiba.<\/p>\n\n\n\n<p>Armenta agreg\u00f3 que este lunes recorrer\u00e1 los municipios de Pantepec y Zeta Mena, acompa\u00f1ado por personal federal y estatal, mientras que el martes visitar\u00e1 Huauchinango y probablemente Zacatl\u00e1n, con el fin de supervisar los avances en las labores de apoyo.<\/p>\n\n\n\n<p>Finalmente, el mandatario se\u00f1al\u00f3 que los municipios con afectaciones incluyen, adem\u00e1s de los ya mencionados, a Chiconcuautla, Honey, Xochitl\u00e1n de Vicente Su\u00e1rez, Huitzilan de Serd\u00e1n, Tlapacoyan, Eloxochitl\u00e1n, Teotlalco, Juan Galindo, Hueytlalpan, Venustiano Carranza y Tlaola, donde se mantienen dispositivos de atenci\u00f3n y auxilio a la poblaci\u00f3n.<br><br><\/p>\n","protected":false},"excerpt":{"rendered":"<p>El gobernador de Puebla, Alejandro Armenta Mier, present\u00f3 un informe sobre los da\u00f1os ocasionados por las recientes lluvias en el estado durante la conferencia de prensa encabezada por la presidenta Claudia Sheinbaum. El mandatario estatal inform\u00f3 que los deslaves registrados en distintos puntos de la entidad han dejado un saldo de 13 personas fallecidas y [&hellip;]<\/p>\n","protected":false},"author":1,"featured_media":69483,"comment_status":"open","ping_status":"open","sticky":false,"template":"","format":"standard","meta":{"om_disable_all_campaigns":false,"_monsterinsights_skip_tracking":false,"_monsterinsights_sitenote_active":false,"_monsterinsights_sitenote_note":"","_monsterinsights_sitenote_category":0,"footnotes":""},"categories":[175],"tags":[195,223],"class_list":["post-69482","post","type-post","status-publish","format-standard","has-post-thumbnail","hentry","category-local","tag-principal","tag-puebla"],"amp_enabled":true,"_links":{"self":[{"href":"https:\/\/lahora.mx\/index.php\/wp-json\/wp\/v2\/posts\/69482","targetHints":{"allow":["GET"]}}],"collection":[{"href":"https:\/\/lahora.mx\/index.php\/wp-json\/wp\/v2\/posts"}],"about":[{"href":"https:\/\/lahora.mx\/index.php\/wp-json\/wp\/v2\/types\/post"}],"author":[{"embeddable":true,"href":"https:\/\/lahora.mx\/index.php\/wp-json\/wp\/v2\/users\/1"}],"replies":[{"embeddable":true,"href":"https:\/\/lahora.mx\/index.php\/wp-json\/wp\/v2\/comments?post=69482"}],"version-history":[{"count":1,"href":"https:\/\/lahora.mx\/index.php\/wp-json\/wp\/v2\/posts\/69482\/revisions"}],"predecessor-version":[{"id":69484,"href":"https:\/\/lahora.mx\/index.php\/wp-json\/wp\/v2\/posts\/69482\/revisions\/69484"}],"wp:featuredmedia":[{"embeddable":true,"href":"https:\/\/lahora.mx\/index.php\/wp-json\/wp\/v2\/media\/69483"}],"wp:attachment":[{"href":"https:\/\/lahora.mx\/index.php\/wp-json\/wp\/v2\/media?parent=69482"}],"wp:term":[{"taxonomy":"category","embeddable":true,"href":"https:\/\/lahora.mx\/index.php\/wp-json\/wp\/v2\/categories?post=69482"},{"taxonomy":"post_tag","embeddable":true,"href":"https:\/\/lahora.mx\/index.php\/wp-json\/wp\/v2\/tags?post=69482"}],"curies":[{"name":"wp","href":"https:\/\/api.w.org\/{rel}","templated":true}]}}