{"id":69479,"date":"2025-10-13T16:27:35","date_gmt":"2025-10-13T16:27:35","guid":{"rendered":"https:\/\/lahora.mx\/?p=69479"},"modified":"2025-10-13T16:27:36","modified_gmt":"2025-10-13T16:27:36","slug":"liberan-al-dueno-del-mamitas-y-40-grados-por-presuntas-inconsistencias","status":"publish","type":"post","link":"https:\/\/lahora.mx\/index.php\/2025\/10\/13\/liberan-al-dueno-del-mamitas-y-40-grados-por-presuntas-inconsistencias\/","title":{"rendered":"Liberan al due\u00f1o del Mamita\u2019s y 40 Grados por presuntas inconsistencias"},"content":{"rendered":"\n<p>Por presuntas inconsistencias en su detenci\u00f3n, el juez de control de San Andr\u00e9s Cholula orden\u00f3 la liberaci\u00f3n del empresario Javier Milian Mora, due\u00f1o de los clubes nocturnos Mamita\u2019s Men\u2019s Club y 40 Grados.<\/p>\n\n\n\n<p>De acuerdo con informaci\u00f3n preliminar, Javier Milian Mora recuper\u00f3 su libertad la noche del domingo, luego de que se determinara que su detenci\u00f3n fue clasificada como ilegal.<\/p>\n\n\n\n<p>El empresario hab\u00eda sido detenido por agentes de la Fiscal\u00eda General del Estado (FGE) de Puebla la ma\u00f1ana del jueves 9 de octubre, a las afueras del residencial La Vista, ubicado en la zona de la V\u00eda Atlixc\u00e1yotl, en San Bernardino Tlaxcalancingo.<\/p>\n\n\n\n<p>Hasta la edici\u00f3n de esta nota, la FGE no hab\u00eda emitido informaci\u00f3n oficial sobre su liberaci\u00f3n. Cabe recordar que Javier Milian Mora tambi\u00e9n es due\u00f1o de la cadena de gimnasios Kompter.<\/p>\n\n\n\n<p>Cierran Mamita\u2019s y 40 Grados tras la detenci\u00f3n de su due\u00f1o<br>Los centros nocturnos Mamita\u2019s Men\u2019s Club y 40 Grados, propiedad de Javier Milian, permanecieron cerrados la noche del s\u00e1bado 11 de octubre, dos d\u00edas despu\u00e9s de su detenci\u00f3n.<\/p>\n\n\n\n<p>Durante un recorrido realizado por e-consulta, se constat\u00f3 que ambos establecimientos \u2014ubicados en Circuito Juan Pablo II y 11 Sur\u2014 se encontraban sin actividad. Estos lugares suelen operar de las 19:00 a las 03:00 horas; sin embargo, alrededor de las 20:00 horas permanec\u00edan cerrados.<\/p>\n\n\n\n<p>Detienen a dos empresarios vinculados con Javier Milian<\/p>\n\n\n\n<p>Durante la noche del viernes 10 de octubre, dos empresarios presuntamente relacionados con Javier Milian fueron detenidos al sur de la ciudad de Puebla mientras viajaban en un veh\u00edculo de lujo.<\/p>\n\n\n\n<p>De acuerdo con reportes policiales, los hombres \u2014identificados como Alejandro y Jonathan\u2014 portaban cartuchos de uso exclusivo del Ej\u00e9rcito y sustancias prohibidas, las cuales fueron aseguradas por las autoridades.<\/p>\n","protected":false},"excerpt":{"rendered":"<p>Por presuntas inconsistencias en su detenci\u00f3n, el juez de control de San Andr\u00e9s Cholula orden\u00f3 la liberaci\u00f3n del empresario Javier Milian Mora, due\u00f1o de los clubes nocturnos Mamita\u2019s Men\u2019s Club y 40 Grados. De acuerdo con informaci\u00f3n preliminar, Javier Milian Mora recuper\u00f3 su libertad la noche del domingo, luego de que se determinara que su [&hellip;]<\/p>\n","protected":false},"author":1,"featured_media":69480,"comment_status":"open","ping_status":"open","sticky":false,"template":"","format":"standard","meta":{"om_disable_all_campaigns":false,"_monsterinsights_skip_tracking":false,"_monsterinsights_sitenote_active":false,"_monsterinsights_sitenote_note":"","_monsterinsights_sitenote_category":0,"footnotes":""},"categories":[175,226],"tags":[223],"class_list":["post-69479","post","type-post","status-publish","format-standard","has-post-thumbnail","hentry","category-local","category-policia","tag-puebla"],"amp_enabled":true,"_links":{"self":[{"href":"https:\/\/lahora.mx\/index.php\/wp-json\/wp\/v2\/posts\/69479","targetHints":{"allow":["GET"]}}],"collection":[{"href":"https:\/\/lahora.mx\/index.php\/wp-json\/wp\/v2\/posts"}],"about":[{"href":"https:\/\/lahora.mx\/index.php\/wp-json\/wp\/v2\/types\/post"}],"author":[{"embeddable":true,"href":"https:\/\/lahora.mx\/index.php\/wp-json\/wp\/v2\/users\/1"}],"replies":[{"embeddable":true,"href":"https:\/\/lahora.mx\/index.php\/wp-json\/wp\/v2\/comments?post=69479"}],"version-history":[{"count":1,"href":"https:\/\/lahora.mx\/index.php\/wp-json\/wp\/v2\/posts\/69479\/revisions"}],"predecessor-version":[{"id":69481,"href":"https:\/\/lahora.mx\/index.php\/wp-json\/wp\/v2\/posts\/69479\/revisions\/69481"}],"wp:featuredmedia":[{"embeddable":true,"href":"https:\/\/lahora.mx\/index.php\/wp-json\/wp\/v2\/media\/69480"}],"wp:attachment":[{"href":"https:\/\/lahora.mx\/index.php\/wp-json\/wp\/v2\/media?parent=69479"}],"wp:term":[{"taxonomy":"category","embeddable":true,"href":"https:\/\/lahora.mx\/index.php\/wp-json\/wp\/v2\/categories?post=69479"},{"taxonomy":"post_tag","embeddable":true,"href":"https:\/\/lahora.mx\/index.php\/wp-json\/wp\/v2\/tags?post=69479"}],"curies":[{"name":"wp","href":"https:\/\/api.w.org\/{rel}","templated":true}]}}