{"id":69476,"date":"2025-10-13T16:24:45","date_gmt":"2025-10-13T16:24:45","guid":{"rendered":"https:\/\/lahora.mx\/?p=69476"},"modified":"2025-10-13T16:24:46","modified_gmt":"2025-10-13T16:24:46","slug":"hamas-entrega-ultimos-rehenes-vivos-israelies-posan-con-netanyahu","status":"publish","type":"post","link":"https:\/\/lahora.mx\/index.php\/2025\/10\/13\/hamas-entrega-ultimos-rehenes-vivos-israelies-posan-con-netanyahu\/","title":{"rendered":"Ham\u00e1s entrega \u00faltimos rehenes vivos israel\u00edes; posan con Netanyahu"},"content":{"rendered":"\n<p>El Movimiento de Resistencia Isl\u00e1mica conocido mundialmente como Ham\u00e1s anunci\u00f3 que entreg\u00f3 13 rehenes israel\u00eds m\u00e1s al Comit\u00e9 Internacional de la Cruz Roja (CICR) en Gaza, lo que marca la liberaci\u00f3n de los \u00faltimos rehenes vivos retenidos por el grupo.<\/p>\n\n\n\n<p>El primer grupo de siete rehenes israel\u00edes qued\u00f3 libre a primera hora de este mismo lunes \u2014cerca de la medianoche en M\u00e9xico\u2014 como parte de un intercambio de prisioneros a gran escala, mediado por Egipto y Qatar, con el CICR facilitando su entrega a la parte israel\u00ed.<\/p>\n\n\n\n<p>A los siete rehenes los identificaron en la oficina del primer ministro israel\u00ed, Benjamin Netanyahu: fueron un soldado capturado en un tanque y seis civiles tomados por militantes de Ham\u00e1s de las comunidades cerca de Gaza y del Festival de M\u00fasica Nova el 7 de octubre de 2023.<\/p>\n\n\n\n<p>La oficina de Netanyahu dijo anteriormente que su gobierno est\u00e1 \u00abcomprometido a traer de vuelta a todos los rehenes en poder del enemigo y actuar\u00e1 para lograr esta misi\u00f3n con determinaci\u00f3n y perseverancia\u00bb.<\/p>\n\n\n\n<p>Tambi\u00e9n se espera la entrega de cuerpos de rehenes fallecidos m\u00e1s tarde el lunes, junto con la liberaci\u00f3n de unos 2 mil y prisioneros palestinos de prisiones israel\u00edes como parte del acuerdo de alto el fuego.<\/p>\n\n\n\n<p>Autoridades israel\u00edes comienzan a liberar a prisioneros palestinos<\/p>\n\n\n\n<p>Las autoridades israel\u00edes comenzaron a liberar a prisioneros palestinos como parte de un acuerdo de intercambio, despu\u00e9s de que Ham\u00e1s pusiera en libertad a 20 rehenes israel\u00edes, se\u00f1alaron fuentes palestinas.<\/p>\n\n\n\n<p>El grupo reafirm\u00f3 su compromiso con sus obligaciones, hay un total de 28 rehenes muertos que Ham\u00e1s est\u00e1 obligado a devolver a Israel bajo el acuerdo de alto el fuego.<\/p>\n\n\n\n<p>Pero apuntaron a la importancia del trabajo de los mediadores para obligar a Israel a cumplir con sus obligaciones en virtud del acuerdo y completar la aplicaci\u00f3n de todas sus disposiciones.<\/p>\n\n\n\n<p>Israel public\u00f3 las primeras fotos de los 20 rehenes que llegaron al pa\u00eds y se reunieron con funcionarios israel\u00edes, todos ellos de pie y sin heridas visibles.<\/p>\n","protected":false},"excerpt":{"rendered":"<p>El Movimiento de Resistencia Isl\u00e1mica conocido mundialmente como Ham\u00e1s anunci\u00f3 que entreg\u00f3 13 rehenes israel\u00eds m\u00e1s al Comit\u00e9 Internacional de la Cruz Roja (CICR) en Gaza, lo que marca la liberaci\u00f3n de los \u00faltimos rehenes vivos retenidos por el grupo. El primer grupo de siete rehenes israel\u00edes qued\u00f3 libre a primera hora de este mismo [&hellip;]<\/p>\n","protected":false},"author":1,"featured_media":69477,"comment_status":"open","ping_status":"open","sticky":false,"template":"","format":"standard","meta":{"om_disable_all_campaigns":false,"_monsterinsights_skip_tracking":false,"_monsterinsights_sitenote_active":false,"_monsterinsights_sitenote_note":"","_monsterinsights_sitenote_category":0,"footnotes":""},"categories":[183],"tags":[],"class_list":["post-69476","post","type-post","status-publish","format-standard","has-post-thumbnail","hentry","category-internacional"],"amp_enabled":true,"_links":{"self":[{"href":"https:\/\/lahora.mx\/index.php\/wp-json\/wp\/v2\/posts\/69476","targetHints":{"allow":["GET"]}}],"collection":[{"href":"https:\/\/lahora.mx\/index.php\/wp-json\/wp\/v2\/posts"}],"about":[{"href":"https:\/\/lahora.mx\/index.php\/wp-json\/wp\/v2\/types\/post"}],"author":[{"embeddable":true,"href":"https:\/\/lahora.mx\/index.php\/wp-json\/wp\/v2\/users\/1"}],"replies":[{"embeddable":true,"href":"https:\/\/lahora.mx\/index.php\/wp-json\/wp\/v2\/comments?post=69476"}],"version-history":[{"count":1,"href":"https:\/\/lahora.mx\/index.php\/wp-json\/wp\/v2\/posts\/69476\/revisions"}],"predecessor-version":[{"id":69478,"href":"https:\/\/lahora.mx\/index.php\/wp-json\/wp\/v2\/posts\/69476\/revisions\/69478"}],"wp:featuredmedia":[{"embeddable":true,"href":"https:\/\/lahora.mx\/index.php\/wp-json\/wp\/v2\/media\/69477"}],"wp:attachment":[{"href":"https:\/\/lahora.mx\/index.php\/wp-json\/wp\/v2\/media?parent=69476"}],"wp:term":[{"taxonomy":"category","embeddable":true,"href":"https:\/\/lahora.mx\/index.php\/wp-json\/wp\/v2\/categories?post=69476"},{"taxonomy":"post_tag","embeddable":true,"href":"https:\/\/lahora.mx\/index.php\/wp-json\/wp\/v2\/tags?post=69476"}],"curies":[{"name":"wp","href":"https:\/\/api.w.org\/{rel}","templated":true}]}}