{"id":69470,"date":"2025-10-13T16:21:25","date_gmt":"2025-10-13T16:21:25","guid":{"rendered":"https:\/\/lahora.mx\/?p=69470"},"modified":"2025-10-13T16:21:26","modified_gmt":"2025-10-13T16:21:26","slug":"sheinbaum-regana-a-edil-de-huauchinango-y-a-ella-le-reclaman-en-poza-rica","status":"publish","type":"post","link":"https:\/\/lahora.mx\/index.php\/2025\/10\/13\/sheinbaum-regana-a-edil-de-huauchinango-y-a-ella-le-reclaman-en-poza-rica\/","title":{"rendered":"Sheinbaum rega\u00f1a a edil de Huauchinango y a ella le reclaman en Poza Rica"},"content":{"rendered":"\n<p>Los estados de Puebla y Veracruz suman 30 muertos por las lluvias que desde el jueves azotaron la zona norte de ambas entidades, este domingo la presidenta Claudia Sheinbaum recorri\u00f3 parte de las zonas afectadas: en Puebla cuestion\u00f3 el trabajo del edil de Huauchinango y en Veracruz ella fue blanco de reclamos.<\/p>\n\n\n\n<p>Durante su visita a Huauchinango la presidenta de Sheinbaum rega\u00f1\u00f3 al edil morenista Rogelio L\u00f3pez Angulo ante las cr\u00edticas que recibi\u00f3 por pobladores de la regi\u00f3n por su falta de acciones frente a las afectaciones por las lluvias.<\/p>\n\n\n\n<p>\u00abUsted me dice que s\u00ed trabaja y la gente dice que no. Y yo prefiero creerle a la gente\u00bb, dijo la presidenta seg\u00fan consta en una transmisi\u00f3n en vivo que se realiz\u00f3 en Facebook por Ultra Noticias Huauchinango.<\/p>\n\n\n\n<p>Durante su recorrido una mujer le expres\u00f3 a la mandataria que en la colonia Chapultepec de este municipio los adultos mayores no pueden salir de la capilla, al parecer debido a las inundaciones.<br><br>Ante esto, el edil morenista de Huauchinango respondi\u00f3: \u00abYa se est\u00e1 trabajando\u00bb. Pero la mujer inconforme reitera que apenas en la ma\u00f1ana fueron y todav\u00eda continuaba la situaci\u00f3n en las mismas condiciones.<\/p>\n\n\n\n<p>\u00abEs importante que usted me diga cu\u00e1nta gente tiene ah\u00ed trabajando\u00bb, cuestion\u00f3 la presidenta a L\u00f3pez Angulo, quien no pudo responder concretamente, seg\u00fan se escucha en el video.<\/p>\n\n\n\n<p>En otro momento, mientras la presidenta Sheinbaum caminaba por la colonia Monterrey de Huauchinango, grit\u00f3 para cuestionar: bueno qu\u00e9 pas\u00f3 con las herramientas, y se escucha al mandatario poblano Alejandro Armenta contestar brevemente: 6 minutos.<\/p>\n\n\n\n<p>Despu\u00e9s de Huauchinango la presidenta se traslad\u00f3 a la comunidad de La Ceiba en el municipio de Xicotepec, en donde inform\u00f3 que a partir de este lunes los servidores de la naci\u00f3n comenzar\u00e1n con el censo de damnificados en cada una de las viviendas.<\/p>\n\n\n\n<p>\u00abA todos se les va a apoyar y el recurso ser\u00e1 dependiendo de las p\u00e9rdidas que tengan\u00bb, afirm\u00f3.<\/p>\n\n\n\n<p>En Puebla se definieron los siguientes municipios con m\u00e1s afectaciones: Xicotepec, Naupan, Tlacuilotepec, Francisco Z. Mena, Venustiano Carranza, Pahuatl\u00e1n, Zihuateutla, Jalpan, Pantepec, Huauchinango y Tlaxco: sumaron aproximadamente 30 mil personas con da\u00f1os por los pluviales.<\/p>\n\n\n\n<p>En medio de reclamos llega a Poza Rica<\/p>\n\n\n\n<p>Horas m\u00e1s tarde, ya en el municipio de Poza Rica , Veracruz, la situaci\u00f3n fue por completo diferente ya que con reclamos los habitantes de la zona recibieron a la presidenta de la rep\u00fablica, Claudia Sheinbaum Pardo.<\/p>\n\n\n\n<p>Acompa\u00f1ada por la gobernadora Roc\u00edo Nahle Garc\u00eda, la presidenta recorri\u00f3 parte de la zona afectada por inundaciones, donde le llovieron quejas de ciudadanos que denunciaron falta de apoyo para localizar a sus familiares desaparecidos.<\/p>\n\n\n\n<p>\u201cEsc\u00fachenme \u00bfme van a escuchar?\u201d, repet\u00eda la presidenta ante la multitud molesta que no le permit\u00eda hablar ya que amontonaban otras quejas.<\/p>\n\n\n\n<p>Adem\u00e1s de la falta de apoyo para la localizaci\u00f3n de gente extraviada por las corrientes y pluviales, se\u00f1alaron que ni el Gobierno del Estado ni el Ayuntamiento de Poza Rica permiten a los afectados recibir ayuda de ciudadanos organizados o influencers.<\/p>\n\n\n\n<p>La presidenta de la Rep\u00fablica indic\u00f3 a los pobladores personal de la Secretar\u00eda del Bienestar llegar\u00e1 ma\u00f1ana a las zonas afectadas a realizar un censo para recabar los datos de los damnificados, para apoyarles a recuperar sus p\u00e9rdidas.<\/p>\n\n\n\n<p>Tras visitar la zona, Claudia Sheinbaum sostuvo una reuni\u00f3n privada con la gobernadora y otras autoridades de los gabinetes estatal y federal.<\/p>\n\n\n\n<p>El reporte oficial indica que son 18 personas las halladas muertas tras ser arrastradas por la corriente o quedar atrapadas dentro de sus domicilios, al menos en la zona norte de Veracruz. Esta ma\u00f1ana Alejandro Armenta se\u00f1al\u00f3 que Puebla registr\u00f3 12 decesos por las mismas causas.<\/p>\n","protected":false},"excerpt":{"rendered":"<p>Los estados de Puebla y Veracruz suman 30 muertos por las lluvias que desde el jueves azotaron la zona norte de ambas entidades, este domingo la presidenta Claudia Sheinbaum recorri\u00f3 parte de las zonas afectadas: en Puebla cuestion\u00f3 el trabajo del edil de Huauchinango y en Veracruz ella fue blanco de reclamos. Durante su visita [&hellip;]<\/p>\n","protected":false},"author":1,"featured_media":69471,"comment_status":"open","ping_status":"open","sticky":false,"template":"","format":"standard","meta":{"om_disable_all_campaigns":false,"_monsterinsights_skip_tracking":false,"_monsterinsights_sitenote_active":false,"_monsterinsights_sitenote_note":"","_monsterinsights_sitenote_category":0,"footnotes":""},"categories":[176],"tags":[],"class_list":["post-69470","post","type-post","status-publish","format-standard","has-post-thumbnail","hentry","category-nacional"],"amp_enabled":true,"_links":{"self":[{"href":"https:\/\/lahora.mx\/index.php\/wp-json\/wp\/v2\/posts\/69470","targetHints":{"allow":["GET"]}}],"collection":[{"href":"https:\/\/lahora.mx\/index.php\/wp-json\/wp\/v2\/posts"}],"about":[{"href":"https:\/\/lahora.mx\/index.php\/wp-json\/wp\/v2\/types\/post"}],"author":[{"embeddable":true,"href":"https:\/\/lahora.mx\/index.php\/wp-json\/wp\/v2\/users\/1"}],"replies":[{"embeddable":true,"href":"https:\/\/lahora.mx\/index.php\/wp-json\/wp\/v2\/comments?post=69470"}],"version-history":[{"count":1,"href":"https:\/\/lahora.mx\/index.php\/wp-json\/wp\/v2\/posts\/69470\/revisions"}],"predecessor-version":[{"id":69472,"href":"https:\/\/lahora.mx\/index.php\/wp-json\/wp\/v2\/posts\/69470\/revisions\/69472"}],"wp:featuredmedia":[{"embeddable":true,"href":"https:\/\/lahora.mx\/index.php\/wp-json\/wp\/v2\/media\/69471"}],"wp:attachment":[{"href":"https:\/\/lahora.mx\/index.php\/wp-json\/wp\/v2\/media?parent=69470"}],"wp:term":[{"taxonomy":"category","embeddable":true,"href":"https:\/\/lahora.mx\/index.php\/wp-json\/wp\/v2\/categories?post=69470"},{"taxonomy":"post_tag","embeddable":true,"href":"https:\/\/lahora.mx\/index.php\/wp-json\/wp\/v2\/tags?post=69470"}],"curies":[{"name":"wp","href":"https:\/\/api.w.org\/{rel}","templated":true}]}}