{"id":6946,"date":"2022-05-15T19:44:29","date_gmt":"2022-05-15T19:44:29","guid":{"rendered":"http:\/\/lahora.mx\/?p=6946"},"modified":"2022-05-15T19:44:29","modified_gmt":"2022-05-15T19:44:29","slug":"culmina-feria-de-conciertos-con-rinas-y-bandas-delictivas","status":"publish","type":"post","link":"https:\/\/lahora.mx\/index.php\/2022\/05\/15\/culmina-feria-de-conciertos-con-rinas-y-bandas-delictivas\/","title":{"rendered":"Culmina feria de conciertos, con ri\u00f1as y bandas delictivas"},"content":{"rendered":"\n<p>ste domingo culmina la&nbsp;<strong>Feria de Puebla 2022<\/strong>&nbsp;y a lo largo de 18 d\u00edas,&nbsp;<strong>delincuentes<\/strong>&nbsp;provenientes de la&nbsp;<strong>Ciudad de M\u00e9xico<\/strong>&nbsp;y del&nbsp;<strong>Estado de M\u00e9xico<\/strong>&nbsp;tambi\u00e9n se dieron cita en el&nbsp;<strong>Centro Expositor<\/strong>&nbsp;y la zona de los&nbsp;<strong>Fuertes de Loreto y Guadalupe<\/strong>&nbsp;para cometer&nbsp;<strong>robos masivos de tel\u00e9fonos celulares.<\/strong><\/p>\n\n\n\n<p>Las bandas del centro del pa\u00eds llegaron muy bien organizadas, con&nbsp;<strong>taxis de la Ciudad de M\u00e9xico<\/strong>&nbsp;y otros veh\u00edculos para escapar. La mayor\u00eda de sus fechor\u00edas las cometieron en el&nbsp;<strong>Teatro del Pueblo<\/strong>, aprovechando la asistencia de&nbsp;<strong>miles de personas en los conciertos gratuitos.<\/strong><\/p>\n\n\n\n<p>En cuesti\u00f3n de agresiones, las personas&nbsp;<strong>alcoholizadas&nbsp;<\/strong>no se quedaron atr\u00e1s y como ya es costumbre&nbsp;<strong>protagonizaron una que otra ri\u00f1a<\/strong>. El espacio para&nbsp;<strong>estacionar los veh\u00edculos<\/strong>&nbsp;a las afueras del Centro Expositor&nbsp;<strong>tambi\u00e9n fue motivo de pelea.<\/strong><\/p>\n\n\n\n<p>La Feria de Puebla inici\u00f3 el 28 de abril y el&nbsp;<strong>4 de mayo<\/strong>&nbsp;la banda mexicana de&nbsp;<strong>ska<\/strong>,&nbsp;<strong>Pante\u00f3n Rococ\u00f3<\/strong>, se present\u00f3 en el Teatro del Pueblo, antes llamado Foro Art\u00edstico,&nbsp;<strong>logrando lleno total<\/strong>. Ese d\u00eda en redes sociales comenzaron a circular&nbsp;<strong>reportes de robos de celulares durante el concierto&nbsp;<\/strong>y al siguiente d\u00eda la&nbsp;<strong>Secretar\u00eda de Seguridad Ciudadana&nbsp;<\/strong>(SSC) del municipio de Puebla anunci\u00f3 la detenci\u00f3n de&nbsp;<strong>17 asaltantes.<\/strong><\/p>\n\n\n\n<p><strong>Eran ocho mujeres y nueve hombres<\/strong>, quienes se trasladaban en cuatro veh\u00edculos, entre ellos&nbsp;<strong>tres taxis de la Ciudad de M\u00e9xico<\/strong>. Los asegurados ten\u00edan en su poder&nbsp;<strong>50 tel\u00e9fonos celulares<\/strong>&nbsp;y la autoridad municipal pidi\u00f3 a los afectados&nbsp;<strong>presentar la denuncia correspondiente<\/strong>&nbsp;para evitar que los detenidos quedaran en libertad.<\/p>\n\n\n\n<p>De todos ellos, s\u00f3lo\u00a0<strong>dos mujeres<\/strong>\u00a0salieron libres y los\u00a0<strong>15 restantes fueron vinculados a proceso<\/strong>\u00a0y enviados a\u00a0<strong>prisi\u00f3n<\/strong>\u00a0por\u00a0<strong>robo calificado.<\/strong><\/p>\n\n\n\n<p>Luego, el 13 de mayo, la&nbsp;<strong>Polic\u00eda Estatal<\/strong>&nbsp;present\u00f3 a otros&nbsp;<strong>cinco asaltantes<\/strong>, tres mujeres y dos hombres, tambi\u00e9n&nbsp;<strong>originarios de la Ciudad de M\u00e9xico y del Estado de M\u00e9xico.<\/strong><\/p>\n\n\n\n<p>Estas personas ten\u00edan en su poder&nbsp;<strong>14 tel\u00e9fonos celulares<\/strong>&nbsp;y quedaron a disposici\u00f3n de la autoridad ministerial para las investigaciones correspondientes.<\/p>\n\n\n\n<p>Aunque en este caso ni la Polic\u00eda Municipal ni la Estatal confirmaron detenciones, en redes sociales se dijo que durante el concierto del\u00a0<strong>rapero Alem\u00e1n<\/strong>\u00a0se suscitaron\u00a0<strong>ri\u00f1as<\/strong>\u00a0y tambi\u00e9n hubo\u00a0<strong>robo de dispositivos m\u00f3viles.<\/strong><br><\/p>\n\n\n\n<p>En la primera semana de feria circul\u00f3 el video de una&nbsp;<strong>ri\u00f1a<\/strong>&nbsp;registrada&nbsp;<strong>afuera del Centro Expositor, en disputa&nbsp;<\/strong>por lugares para&nbsp;<strong>estacionar los autos.<\/strong><\/p>\n\n\n\n<p>Aunque el\u00a0<strong>estacionamiento<\/strong>\u00a0de la feria tuvo un costo de\u00a0<strong>50 pesos por tiempo ilimitado<\/strong>, la fila para ingresar avanzaba cada determinado tiempo y muchos conductores\u00a0<strong>optaron por dejar sus veh\u00edculos en calles aleda\u00f1as.<\/strong><\/p>\n\n\n\n<p>Los&nbsp;<strong>franeleros<\/strong>&nbsp;se adue\u00f1aron de estos espacios, pero diferencias entre ellos por los&nbsp;<strong>lugares y las tarifas&nbsp;<\/strong>provocaron una pelea en la que participaron&nbsp;<strong>cuatro hombres y una mujer&nbsp;<\/strong>que intentaba separarlos.<\/p>\n\n\n\n<p>Al terminar el concierto que el&nbsp;<strong>7 de mayo<\/strong>&nbsp;dio&nbsp;<strong>Gerardo Ortiz<\/strong>&nbsp;en el&nbsp;<strong>palenque<\/strong>, por lo menos&nbsp;<strong>cinco hombres<\/strong>, aparentemente&nbsp;<strong>bajo los influjos del alcohol<\/strong>, liaron a golpes en el&nbsp;<strong>estacionamiento<\/strong>&nbsp;del centro expositor.<\/p>\n\n\n\n<p>Esta pelea\u00a0<strong>tambi\u00e9n fue grabada<\/strong>\u00a0por otras personas que asistieron al concierto del cantante de m\u00fasica regional y en el video se observa que los agresores\u00a0<strong>golpearon a dos hombres<\/strong>; uno de ellos qued\u00f3 noqueado tras recibir un\u00a0<strong>pu\u00f1etazo en el rostro<\/strong>\u00a0y ya no hizo nada por defenderse mientras que al segundo\u00a0<strong>lo arrastraron y patearon\u00a0<\/strong>mientras una mujer intentaba defenderlo.<\/p>\n\n\n\n<p>Al final, uno de los testigos les pidi\u00f3 que se retiraran: \u201c<strong>ya, ya lo golpeaste, ah\u00ed muere<\/strong>\u201d, sentenci\u00f3.<\/p>\n\n\n\n<p>A esto se suma que dos d\u00edas antes de que la feria terminara, un automovilista denunci\u00f3 el&nbsp;<strong>robo de sus cuatro llantas al interior del estacionamiento<\/strong>. Tambi\u00e9n acus\u00f3 que el personal de la&nbsp;<strong>taquilla<\/strong>&nbsp;le respondi\u00f3 que no&nbsp;<strong>pod\u00edan hacer nada<\/strong>. Le dijeron: \u201c<strong>b\u00e1sicamente es tu problema<\/strong>\u201d.<\/p>\n\n\n\n<p>A todo este panorama no hay que restar que La Feria de Puebla se inici\u00f3 con el espectacular robo del&nbsp;<strong>tr\u00e1iler que transportaba equipo de sonido e instrumentos del grupo Moderatto,<\/strong>&nbsp;contratado para abrir las presentaciones musicales del evento. El veh\u00edculo fue hallado m\u00e1s tarde totalmente vac\u00edo.<\/p>\n","protected":false},"excerpt":{"rendered":"<p>ste domingo culmina la&nbsp;Feria de Puebla 2022&nbsp;y a lo largo de 18 d\u00edas,&nbsp;delincuentes&nbsp;provenientes de la&nbsp;Ciudad de M\u00e9xico&nbsp;y del&nbsp;Estado de M\u00e9xico&nbsp;tambi\u00e9n se dieron cita en el&nbsp;Centro Expositor&nbsp;y la zona de los&nbsp;Fuertes de Loreto y Guadalupe&nbsp;para cometer&nbsp;robos masivos de tel\u00e9fonos celulares. Las bandas del centro del pa\u00eds llegaron muy bien organizadas, con&nbsp;taxis de la Ciudad de M\u00e9xico&nbsp;y [&hellip;]<\/p>\n","protected":false},"author":4,"featured_media":6947,"comment_status":"open","ping_status":"open","sticky":false,"template":"","format":"standard","meta":{"om_disable_all_campaigns":false,"_monsterinsights_skip_tracking":false,"_monsterinsights_sitenote_active":false,"_monsterinsights_sitenote_note":"","_monsterinsights_sitenote_category":0,"footnotes":""},"categories":[175],"tags":[195,223],"class_list":["post-6946","post","type-post","status-publish","format-standard","has-post-thumbnail","hentry","category-local","tag-principal","tag-puebla"],"amp_enabled":true,"_links":{"self":[{"href":"https:\/\/lahora.mx\/index.php\/wp-json\/wp\/v2\/posts\/6946","targetHints":{"allow":["GET"]}}],"collection":[{"href":"https:\/\/lahora.mx\/index.php\/wp-json\/wp\/v2\/posts"}],"about":[{"href":"https:\/\/lahora.mx\/index.php\/wp-json\/wp\/v2\/types\/post"}],"author":[{"embeddable":true,"href":"https:\/\/lahora.mx\/index.php\/wp-json\/wp\/v2\/users\/4"}],"replies":[{"embeddable":true,"href":"https:\/\/lahora.mx\/index.php\/wp-json\/wp\/v2\/comments?post=6946"}],"version-history":[{"count":1,"href":"https:\/\/lahora.mx\/index.php\/wp-json\/wp\/v2\/posts\/6946\/revisions"}],"predecessor-version":[{"id":6948,"href":"https:\/\/lahora.mx\/index.php\/wp-json\/wp\/v2\/posts\/6946\/revisions\/6948"}],"wp:featuredmedia":[{"embeddable":true,"href":"https:\/\/lahora.mx\/index.php\/wp-json\/wp\/v2\/media\/6947"}],"wp:attachment":[{"href":"https:\/\/lahora.mx\/index.php\/wp-json\/wp\/v2\/media?parent=6946"}],"wp:term":[{"taxonomy":"category","embeddable":true,"href":"https:\/\/lahora.mx\/index.php\/wp-json\/wp\/v2\/categories?post=6946"},{"taxonomy":"post_tag","embeddable":true,"href":"https:\/\/lahora.mx\/index.php\/wp-json\/wp\/v2\/tags?post=6946"}],"curies":[{"name":"wp","href":"https:\/\/api.w.org\/{rel}","templated":true}]}}