{"id":69458,"date":"2025-10-13T01:25:05","date_gmt":"2025-10-13T01:25:05","guid":{"rendered":"https:\/\/lahora.mx\/?p=69458"},"modified":"2025-10-13T01:25:06","modified_gmt":"2025-10-13T01:25:06","slug":"gobierno-federal-contabiliza-44-muertos-por-intensas-lluvias-brindan-atencion-prioritaria-para-restablecer-servicios-basicos","status":"publish","type":"post","link":"https:\/\/lahora.mx\/index.php\/2025\/10\/13\/gobierno-federal-contabiliza-44-muertos-por-intensas-lluvias-brindan-atencion-prioritaria-para-restablecer-servicios-basicos\/","title":{"rendered":"Gobierno federal contabiliza 44 muertos por intensas lluvias; brindan atenci\u00f3n prioritaria para restablecer servicios b\u00e1sicos"},"content":{"rendered":"\n<p>El Gobierno de M\u00e9xico inform\u00f3 que con base a informes de autoridades estatales, se contabiliza hasta esta ma\u00f1ana 44 fallecimientos por las intensas lluvias de los \u00faltimos d\u00edas: 18 en Veracruz, 16 en Hidalgo, nueve en Puebla, y uno en Quer\u00e9taro.<\/p>\n\n\n\n<p>En un comunicado, el Gobierno federal indic\u00f3 que, en coordinaci\u00f3n con autoridades estatales y municipales, 139 municipios de Veracruz, Puebla, Hidalgo, Quer\u00e9taro y San Luis Potos\u00ed reciben atenci\u00f3n prioritaria para restablecer servicios b\u00e1sicos y brindar auxilio a la poblaci\u00f3n.<\/p>\n\n\n\n<p>\u00abLos gobiernos estatales informaron sobre 44 decesos: 18 en Veracruz, 9 en Puebla, 16 en Hidalgo, y uno en Quer\u00e9taro. El gobierno de M\u00e9xico expresa su solidaridad y acompa\u00f1amiento integral a las familias afectadas, refrendando su compromiso de brindarles atenci\u00f3n y apoyo en todo momento\u00bb.<\/p>\n\n\n\n<p>El Gobierno de M\u00e9xico indic\u00f3 que de manera ininterrumpida las 24 horas se realizan operativos de atenci\u00f3n, auxilio y rehabilitaci\u00f3n de servicios b\u00e1sicos en 139 municipios con mayores afectaciones, priorizando la protecci\u00f3n de la vida, la integridad y el bienestar de la poblaci\u00f3n.<\/p>\n\n\n\n<p>Asegur\u00f3 que este domingo se intensificar\u00e1n las labores de limpieza y sanitizaci\u00f3n en las zonas impactadas lo que permitir\u00e1 restablecer condiciones seguras para continuar con los trabajos de atenci\u00f3n, y en el levantamiento de censos y entrega de apoyos directos a las familias que resultaron con mayores da\u00f1os.<\/p>\n\n\n\n<p>El Gobierno federal destac\u00f3 que desde el viernes, la presidenta Claudia Sheinbaum instal\u00f3 el Comit\u00e9 de Emergencias, el cual sesiona de manera permanente y coordina las acciones interinstitucionales, en los que participan las y los titulares de las secretar\u00edas de Defensa, Marina, Infraestructura, Comunicaciones y Transportes, Gobernaci\u00f3n, as\u00ed como de la CFE, IMSS, ISSSTE, e IMSS Bienestar, quienes eval\u00faan los avances y necesidades al menos cada 24 horas.<\/p>\n","protected":false},"excerpt":{"rendered":"<p>El Gobierno de M\u00e9xico inform\u00f3 que con base a informes de autoridades estatales, se contabiliza hasta esta ma\u00f1ana 44 fallecimientos por las intensas lluvias de los \u00faltimos d\u00edas: 18 en Veracruz, 16 en Hidalgo, nueve en Puebla, y uno en Quer\u00e9taro. En un comunicado, el Gobierno federal indic\u00f3 que, en coordinaci\u00f3n con autoridades estatales y [&hellip;]<\/p>\n","protected":false},"author":1,"featured_media":69459,"comment_status":"open","ping_status":"open","sticky":false,"template":"","format":"standard","meta":{"om_disable_all_campaigns":false,"_monsterinsights_skip_tracking":false,"_monsterinsights_sitenote_active":false,"_monsterinsights_sitenote_note":"","_monsterinsights_sitenote_category":0,"footnotes":""},"categories":[176],"tags":[],"class_list":["post-69458","post","type-post","status-publish","format-standard","has-post-thumbnail","hentry","category-nacional"],"amp_enabled":true,"_links":{"self":[{"href":"https:\/\/lahora.mx\/index.php\/wp-json\/wp\/v2\/posts\/69458","targetHints":{"allow":["GET"]}}],"collection":[{"href":"https:\/\/lahora.mx\/index.php\/wp-json\/wp\/v2\/posts"}],"about":[{"href":"https:\/\/lahora.mx\/index.php\/wp-json\/wp\/v2\/types\/post"}],"author":[{"embeddable":true,"href":"https:\/\/lahora.mx\/index.php\/wp-json\/wp\/v2\/users\/1"}],"replies":[{"embeddable":true,"href":"https:\/\/lahora.mx\/index.php\/wp-json\/wp\/v2\/comments?post=69458"}],"version-history":[{"count":1,"href":"https:\/\/lahora.mx\/index.php\/wp-json\/wp\/v2\/posts\/69458\/revisions"}],"predecessor-version":[{"id":69460,"href":"https:\/\/lahora.mx\/index.php\/wp-json\/wp\/v2\/posts\/69458\/revisions\/69460"}],"wp:featuredmedia":[{"embeddable":true,"href":"https:\/\/lahora.mx\/index.php\/wp-json\/wp\/v2\/media\/69459"}],"wp:attachment":[{"href":"https:\/\/lahora.mx\/index.php\/wp-json\/wp\/v2\/media?parent=69458"}],"wp:term":[{"taxonomy":"category","embeddable":true,"href":"https:\/\/lahora.mx\/index.php\/wp-json\/wp\/v2\/categories?post=69458"},{"taxonomy":"post_tag","embeddable":true,"href":"https:\/\/lahora.mx\/index.php\/wp-json\/wp\/v2\/tags?post=69458"}],"curies":[{"name":"wp","href":"https:\/\/api.w.org\/{rel}","templated":true}]}}