{"id":69455,"date":"2025-10-13T01:23:42","date_gmt":"2025-10-13T01:23:42","guid":{"rendered":"https:\/\/lahora.mx\/?p=69455"},"modified":"2025-10-13T01:23:42","modified_gmt":"2025-10-13T01:23:42","slug":"sheinbaum-encabeza-centro-de-comando-en-veracruz-por-lluvias-sabemos-que-hay-desesperacion-los-vamos-a-atender-a-todos-dice","status":"publish","type":"post","link":"https:\/\/lahora.mx\/index.php\/2025\/10\/13\/sheinbaum-encabeza-centro-de-comando-en-veracruz-por-lluvias-sabemos-que-hay-desesperacion-los-vamos-a-atender-a-todos-dice\/","title":{"rendered":"Sheinbaum encabeza Centro de Comando en Veracruz por lluvias; \u201csabemos que hay desesperaci\u00f3n, los vamos a atender a todos\u201d, dice"},"content":{"rendered":"\n<p>Despu\u00e9s de una visita en los municipios Huachinango y La Ceiba, en Puebla, as\u00ed como Poza Rica, en Veracruz, la presidenta Claudia Sheinbaum Pardo inform\u00f3 que las tres \u00f3rdenes de gobierno atienden la emergencia por lluvias en comunidades afectadas, donde se han establecido puentes a\u00e9reos para entregar ayuda y realizar traslados m\u00e9dicos.<\/p>\n\n\n\n<p>Desde el Centro de Comando Permanente en Veracruz, explic\u00f3 que Poza Rica y \u00c1lamo son las zonas urbanas m\u00e1s afectadas en ese estado, y adelant\u00f3 que el pr\u00f3ximo lunes 13 de octubre iniciar\u00e1n los trabajos de limpieza con mayor intensidad y el censo casa por casa, de parte de la Secretar\u00eda del Bienestar.<\/p>\n\n\n\n<p>\u201cEl mensaje a la poblaci\u00f3n: sabemos que hay mucha desesperaci\u00f3n y preocupaci\u00f3n; los vamos a atender a todos. Los trabajos de limpieza se van a desarrollar con toda la amplitud, sin escatimar ning\u00fan recurso\u201d, expres\u00f3.<\/p>\n\n\n\n<p>Asegur\u00f3 que nadie quedar\u00e1 desamparado y que \u201cvamos a estar un tiempo aqu\u00ed en Poza Rica y vamos a estar regresando en la semana\u201d en comunicaci\u00f3n con la gobernadora Roc\u00edo Nahle.<\/p>\n\n\n\n<p>En el caso de las personas que perdieron la vida, indic\u00f3, hay un protocolo para poder tener toda la informaci\u00f3n a trav\u00e9s de la Fiscal\u00eda del Estado, y en cuanto a los familiares con personas que a\u00fan se encuentran no localizadas, la Mandataria federal les pidi\u00f3 que hablen al n\u00famero telef\u00f3nico 079.<\/p>\n\n\n\n<p>\u00abSe est\u00e1 dando toda la informaci\u00f3n de manera transparente y vamos a estar atendiendo a todas las familias\u201d, agreg\u00f3.<\/p>\n\n\n\n<p>Desde el Centro de Comando Permanente en Veracruz, informamos que los tres \u00f3rdenes de gobierno atienden la emergencia por lluvias en comunidades donde ya establecimos puentes a\u00e9reos para entregar ayuda y realizar traslados m\u00e9dicos; tambi\u00e9n trabajamos para restablecer caminos. En\u2026 pic.twitter.com\/dmpbfRqLTm<\/p>\n\n\n\n<p>\u2014 Claudia Sheinbaum Pardo (@Claudiashein) October 13, 2025<br>Sheinbaum visita Poza Rica para evaluar afectaciones por fuertes lluvias<br>Esta tarde, la Presidenta visit\u00f3 Poza Rica, acompa\u00f1ada de la mandataria estatal, Roc\u00edo Nahle, donde asegur\u00f3 que a todos se les va a atender y que no se va a ocultar nada; esto, tras reclamos ciudadanos que cuestionaban una inacci\u00f3n de autoridades y omisiones en la b\u00fasqueda de desaparecidos tras las lluvias.<\/p>\n\n\n\n<p>\u00ab\u00bfT\u00fa crees que estar\u00eda yo aqu\u00ed si minimiz\u00e1ramos?\u00bb, pregunt\u00f3 Sheinbaum Pardo ante un grupo de damnificados. \u00ab\u00bfMe van a o\u00edr o no?\u00bb, dijo ante las constantes interrupciones durante un recorrido.<\/p>\n\n\n\n<p>\u00abS\u00e9 que tienen mucha desesperaci\u00f3n el d\u00eda de hoy, pero lamentablemente no podemos hacer todo en un d\u00eda, les pido un poco de paciencia\u00bb, mencion\u00f3 la mandataria federal.<\/p>\n\n\n\n<p>Agreg\u00f3 que nadie va a ocultar absolutamente nada ya que \u00abpor fortuna tenemos un pueblo generoso, pero la autoridad tambi\u00e9n tiene que apoyar (\u2026) no los vamos a dejar desamparados, pero no todo se puede arreglar en un d\u00eda\u00bb, insisti\u00f3 la titular del Ejecutivo en el recorrido.<\/p>\n","protected":false},"excerpt":{"rendered":"<p>Despu\u00e9s de una visita en los municipios Huachinango y La Ceiba, en Puebla, as\u00ed como Poza Rica, en Veracruz, la presidenta Claudia Sheinbaum Pardo inform\u00f3 que las tres \u00f3rdenes de gobierno atienden la emergencia por lluvias en comunidades afectadas, donde se han establecido puentes a\u00e9reos para entregar ayuda y realizar traslados m\u00e9dicos. Desde el Centro [&hellip;]<\/p>\n","protected":false},"author":1,"featured_media":69456,"comment_status":"open","ping_status":"open","sticky":false,"template":"","format":"standard","meta":{"om_disable_all_campaigns":false,"_monsterinsights_skip_tracking":false,"_monsterinsights_sitenote_active":false,"_monsterinsights_sitenote_note":"","_monsterinsights_sitenote_category":0,"footnotes":""},"categories":[176],"tags":[],"class_list":["post-69455","post","type-post","status-publish","format-standard","has-post-thumbnail","hentry","category-nacional"],"amp_enabled":true,"_links":{"self":[{"href":"https:\/\/lahora.mx\/index.php\/wp-json\/wp\/v2\/posts\/69455","targetHints":{"allow":["GET"]}}],"collection":[{"href":"https:\/\/lahora.mx\/index.php\/wp-json\/wp\/v2\/posts"}],"about":[{"href":"https:\/\/lahora.mx\/index.php\/wp-json\/wp\/v2\/types\/post"}],"author":[{"embeddable":true,"href":"https:\/\/lahora.mx\/index.php\/wp-json\/wp\/v2\/users\/1"}],"replies":[{"embeddable":true,"href":"https:\/\/lahora.mx\/index.php\/wp-json\/wp\/v2\/comments?post=69455"}],"version-history":[{"count":1,"href":"https:\/\/lahora.mx\/index.php\/wp-json\/wp\/v2\/posts\/69455\/revisions"}],"predecessor-version":[{"id":69457,"href":"https:\/\/lahora.mx\/index.php\/wp-json\/wp\/v2\/posts\/69455\/revisions\/69457"}],"wp:featuredmedia":[{"embeddable":true,"href":"https:\/\/lahora.mx\/index.php\/wp-json\/wp\/v2\/media\/69456"}],"wp:attachment":[{"href":"https:\/\/lahora.mx\/index.php\/wp-json\/wp\/v2\/media?parent=69455"}],"wp:term":[{"taxonomy":"category","embeddable":true,"href":"https:\/\/lahora.mx\/index.php\/wp-json\/wp\/v2\/categories?post=69455"},{"taxonomy":"post_tag","embeddable":true,"href":"https:\/\/lahora.mx\/index.php\/wp-json\/wp\/v2\/tags?post=69455"}],"curies":[{"name":"wp","href":"https:\/\/api.w.org\/{rel}","templated":true}]}}