{"id":69434,"date":"2025-10-12T19:15:54","date_gmt":"2025-10-12T19:15:54","guid":{"rendered":"https:\/\/lahora.mx\/?p=69434"},"modified":"2025-10-13T03:38:17","modified_gmt":"2025-10-13T03:38:17","slug":"recorrera-sheinbaum-la-sierra-de-puebla-por-estragos-de-raymond","status":"publish","type":"post","link":"https:\/\/lahora.mx\/index.php\/2025\/10\/12\/recorrera-sheinbaum-la-sierra-de-puebla-por-estragos-de-raymond\/","title":{"rendered":"Recorrer\u00e1 Sheinbaum la Sierra de Puebla por estragos de Raymond"},"content":{"rendered":"\n<p>Este domingo, la presidenta de M\u00e9xico Claudia Sheinbaum recorrer\u00e1 la Sierra Norte del estado de Puebla, para calcular los da\u00f1os provocados por la tormenta tropical Raymond.<\/p>\n\n\n\n<p>La informaci\u00f3n fue confirmada durante esta ma\u00f1ana, toda vez que el \u00e1rea de comunicaci\u00f3n del Gobierno de Puebla revel\u00f3 que la comandanta suprema llevar\u00e1 a cabo un sobrevuelo sobre las zonas afectadas.<br><br>De igual manera, realizar\u00e1 una supervisi\u00f3n a pie en los lugares donde se presentaron los deslaves, hundimientos, de los cuales resultaron personas afectadas por esta cat\u00e1strofe.<\/p>\n\n\n\n<p>En la entidad poblana las afectaciones por las lluvias alcanzaron 134.8 kil\u00f3metros de vialidades, m\u00e1s de 404 derrumbes o deslaves, 24.5 kil\u00f3metros de movimiento de asfalto.<\/p>\n\n\n\n<p>Tambi\u00e9n, 91 comunidades en 17 municipios se encuentran incomunicadas completamente, principalmente en la Sierra Norte, Huachinango-Xicotepec.<\/p>\n\n\n\n<p>Un total de 10 personas perdieron la vida por la contingencia climatol\u00f3gica; cinco de Huachinango, dos de Pantepec, dos de Francisco Z. Mena y una de Tlacuilotepec.<\/p>\n\n\n\n<p>Mientras tanto, la cifra de desaparecidas asciende a ocho, las cuales est\u00e1n siendo buscadas por parte de las autoridades.<\/p>\n\n\n\n<p>Hay 30 mil personas afectadas en cerca de 38 municipios que sufrieron alg\u00fan tipo de da\u00f1o, as\u00ed como siete puentes colapsados, adem\u00e1s de cuatro derrumbes.<\/p>\n","protected":false},"excerpt":{"rendered":"<p>Este domingo, la presidenta de M\u00e9xico Claudia Sheinbaum recorrer\u00e1 la Sierra Norte del estado de Puebla, para calcular los da\u00f1os provocados por la tormenta tropical Raymond. La informaci\u00f3n fue confirmada durante esta ma\u00f1ana, toda vez que el \u00e1rea de comunicaci\u00f3n del Gobierno de Puebla revel\u00f3 que la comandanta suprema llevar\u00e1 a cabo un sobrevuelo sobre [&hellip;]<\/p>\n","protected":false},"author":1,"featured_media":69435,"comment_status":"open","ping_status":"open","sticky":false,"template":"","format":"standard","meta":{"om_disable_all_campaigns":false,"_monsterinsights_skip_tracking":false,"_monsterinsights_sitenote_active":false,"_monsterinsights_sitenote_note":"","_monsterinsights_sitenote_category":0,"footnotes":""},"categories":[5],"tags":[195,223],"class_list":["post-69434","post","type-post","status-publish","format-standard","has-post-thumbnail","hentry","category-politica","tag-principal","tag-puebla"],"amp_enabled":true,"_links":{"self":[{"href":"https:\/\/lahora.mx\/index.php\/wp-json\/wp\/v2\/posts\/69434","targetHints":{"allow":["GET"]}}],"collection":[{"href":"https:\/\/lahora.mx\/index.php\/wp-json\/wp\/v2\/posts"}],"about":[{"href":"https:\/\/lahora.mx\/index.php\/wp-json\/wp\/v2\/types\/post"}],"author":[{"embeddable":true,"href":"https:\/\/lahora.mx\/index.php\/wp-json\/wp\/v2\/users\/1"}],"replies":[{"embeddable":true,"href":"https:\/\/lahora.mx\/index.php\/wp-json\/wp\/v2\/comments?post=69434"}],"version-history":[{"count":1,"href":"https:\/\/lahora.mx\/index.php\/wp-json\/wp\/v2\/posts\/69434\/revisions"}],"predecessor-version":[{"id":69436,"href":"https:\/\/lahora.mx\/index.php\/wp-json\/wp\/v2\/posts\/69434\/revisions\/69436"}],"wp:featuredmedia":[{"embeddable":true,"href":"https:\/\/lahora.mx\/index.php\/wp-json\/wp\/v2\/media\/69435"}],"wp:attachment":[{"href":"https:\/\/lahora.mx\/index.php\/wp-json\/wp\/v2\/media?parent=69434"}],"wp:term":[{"taxonomy":"category","embeddable":true,"href":"https:\/\/lahora.mx\/index.php\/wp-json\/wp\/v2\/categories?post=69434"},{"taxonomy":"post_tag","embeddable":true,"href":"https:\/\/lahora.mx\/index.php\/wp-json\/wp\/v2\/tags?post=69434"}],"curies":[{"name":"wp","href":"https:\/\/api.w.org\/{rel}","templated":true}]}}