{"id":6943,"date":"2022-05-15T19:42:01","date_gmt":"2022-05-15T19:42:01","guid":{"rendered":"http:\/\/lahora.mx\/?p=6943"},"modified":"2022-05-15T19:42:02","modified_gmt":"2022-05-15T19:42:02","slug":"casi-es-linchado-en-huauchinango-por-robar-una-camioneta","status":"publish","type":"post","link":"https:\/\/lahora.mx\/index.php\/2022\/05\/15\/casi-es-linchado-en-huauchinango-por-robar-una-camioneta\/","title":{"rendered":"Casi es linchado en Huauchinango por robar una camioneta"},"content":{"rendered":"\n<p>Un&nbsp;<strong>hombre estuvo a punto de ser linchado en Huauchinango<\/strong>, luego de ser detenido por vecinos, quienes presuntamente lo sorprendieron intentando&nbsp;<strong>robar una camioneta<\/strong>.<\/p>\n\n\n\n<p>Los hechos se registraron la tarde de ayer s\u00e1bado sobre la<strong>&nbsp;calle Corregidora<\/strong>&nbsp;de la colonia centro, cerca del pante\u00f3n municipal, en la cabecera municipal de Huauchinango, cuando vecinos se percataron del supuesto robo.<\/p>\n\n\n\n<p>En su huida el hombre avanz\u00f3 hasta la&nbsp;<strong>comunidad de Cuacuila<\/strong>, d\u00f3nde termin\u00f3&nbsp;<strong>chocando la camioneta contra un poste<\/strong>&nbsp;de energ\u00eda el\u00e9ctrica, el cu\u00e1l cay\u00f3 sobre la calle y dej\u00f3&nbsp;<strong>sin energ\u00eda el\u00e9ctrica<\/strong>&nbsp;a la comunidad.<\/p>\n\n\n\n<p>El sujeto&nbsp;<strong>intent\u00f3 darse a la fuga<\/strong>, sin embargo, fue detenido por vecinos y los afectados lo agredieron para posteriormente ser entregado a la&nbsp;<strong>Polic\u00eda Municipal de Huauchinango<\/strong>.<\/p>\n\n\n\n<p>El hoy detenido qued\u00f3 a disposici\u00f3n del&nbsp;<strong>Ministerio P\u00fablico<\/strong>, sin embargo, por los golpes que presentaba tuvo que ser atendido.<\/p>\n\n\n\n<p>Cabe recordar que, las personas afectadas realizaron su&nbsp;<strong>denuncia<\/strong>&nbsp;correspondiente para que el presunto ladr\u00f3n pague los da\u00f1os.<\/p>\n","protected":false},"excerpt":{"rendered":"<p>Un&nbsp;hombre estuvo a punto de ser linchado en Huauchinango, luego de ser detenido por vecinos, quienes presuntamente lo sorprendieron intentando&nbsp;robar una camioneta. Los hechos se registraron la tarde de ayer s\u00e1bado sobre la&nbsp;calle Corregidora&nbsp;de la colonia centro, cerca del pante\u00f3n municipal, en la cabecera municipal de Huauchinango, cuando vecinos se percataron del supuesto robo. En [&hellip;]<\/p>\n","protected":false},"author":4,"featured_media":6944,"comment_status":"open","ping_status":"open","sticky":false,"template":"","format":"standard","meta":{"om_disable_all_campaigns":false,"_monsterinsights_skip_tracking":false,"_monsterinsights_sitenote_active":false,"_monsterinsights_sitenote_note":"","_monsterinsights_sitenote_category":0,"footnotes":""},"categories":[175,226],"tags":[223],"class_list":["post-6943","post","type-post","status-publish","format-standard","has-post-thumbnail","hentry","category-local","category-policia","tag-puebla"],"amp_enabled":true,"_links":{"self":[{"href":"https:\/\/lahora.mx\/index.php\/wp-json\/wp\/v2\/posts\/6943","targetHints":{"allow":["GET"]}}],"collection":[{"href":"https:\/\/lahora.mx\/index.php\/wp-json\/wp\/v2\/posts"}],"about":[{"href":"https:\/\/lahora.mx\/index.php\/wp-json\/wp\/v2\/types\/post"}],"author":[{"embeddable":true,"href":"https:\/\/lahora.mx\/index.php\/wp-json\/wp\/v2\/users\/4"}],"replies":[{"embeddable":true,"href":"https:\/\/lahora.mx\/index.php\/wp-json\/wp\/v2\/comments?post=6943"}],"version-history":[{"count":1,"href":"https:\/\/lahora.mx\/index.php\/wp-json\/wp\/v2\/posts\/6943\/revisions"}],"predecessor-version":[{"id":6945,"href":"https:\/\/lahora.mx\/index.php\/wp-json\/wp\/v2\/posts\/6943\/revisions\/6945"}],"wp:featuredmedia":[{"embeddable":true,"href":"https:\/\/lahora.mx\/index.php\/wp-json\/wp\/v2\/media\/6944"}],"wp:attachment":[{"href":"https:\/\/lahora.mx\/index.php\/wp-json\/wp\/v2\/media?parent=6943"}],"wp:term":[{"taxonomy":"category","embeddable":true,"href":"https:\/\/lahora.mx\/index.php\/wp-json\/wp\/v2\/categories?post=6943"},{"taxonomy":"post_tag","embeddable":true,"href":"https:\/\/lahora.mx\/index.php\/wp-json\/wp\/v2\/tags?post=6943"}],"curies":[{"name":"wp","href":"https:\/\/api.w.org\/{rel}","templated":true}]}}