{"id":69425,"date":"2025-10-12T18:49:59","date_gmt":"2025-10-12T18:49:59","guid":{"rendered":"https:\/\/lahora.mx\/?p=69425"},"modified":"2025-10-12T18:50:01","modified_gmt":"2025-10-12T18:50:01","slug":"suman-2-reos-hallados-sin-vida-en-penal-de-san-miguel-durante-octubre","status":"publish","type":"post","link":"https:\/\/lahora.mx\/index.php\/2025\/10\/12\/suman-2-reos-hallados-sin-vida-en-penal-de-san-miguel-durante-octubre\/","title":{"rendered":"Suman 2 reos hallados sin vida en Penal de San Miguel durante octubre"},"content":{"rendered":"\n<p>En lo que va de los primeros d\u00edas de octubre, dos personas privadas de la libertad (PPL) fueron halladas sin vida al interior del Centro de Reinserci\u00f3n Social (Cereso) de San Miguel, a poco tiempo de haber sido ingresados.<\/p>\n\n\n\n<p>El primero ocurri\u00f3 el pasado 5 de octubre, y se trat\u00f3 de Arturo C., quien apenas ten\u00eda 24 horas de que fue recluido cuando las autoridades reportaron su fallecimiento, aparentemente por un ataque al coraz\u00f3n.<br>No obstante, la Fiscal\u00eda General del Estado (FGE) contrari\u00f3 esta versi\u00f3n, toda vez que el Instituto Forense encontr\u00f3 que la v\u00edctima, contaba con contusiones en cabeza y t\u00f3rax.<\/p>\n\n\n\n<p>Posteriormente, se realiz\u00f3 otra necropsia para analizar los tejidos y confirmar si es que la causa de su muerte fue por un paro card\u00edaco, o por m\u00faltiples golpes como se presum\u00eda.<\/p>\n\n\n\n<p>No pas\u00f3 ni una semana m\u00e1s, cuando se report\u00f3 un segundo deceso en este Penal, trat\u00e1ndose de un hombre identificado como Constantino N., en situaciones similares, pues llevaba poco tiempo recluido.<\/p>\n\n\n\n<p>Datos extraoficiales apuntaron que horas antes fue revisado en el COC (Centro de Observaci\u00f3n y Clasificaci\u00f3n), y posteriormente, trasladado a la celda 3.<\/p>\n\n\n\n<p>Aunque todav\u00eda no se da garant\u00eda de esta situaci\u00f3n, el interno tambi\u00e9n contaba con diversos golpes en los pies y la cabeza, a lo cual se espera que le den claridad en los pr\u00f3ximos d\u00edas.<\/p>\n\n\n\n<p>Por muchos a\u00f1os, San Miguel ha sido un foco rojo entre los Ceresos, toda vez que abunda la venta de estupefacientes, cobros por diversos servicios al interior del mismo, as\u00ed como llamadas de extorsi\u00f3n que se realizan desde este lugar.<\/p>\n\n\n\n<p>En diversas ocasiones, la Secretar\u00eda de Seguridad P\u00fablica (SSP) ha dado cuenta de que persisten estas condiciones, pues en operativos hallan desde tel\u00e9fonos celulares, armas blancas y drogas.<\/p>\n","protected":false},"excerpt":{"rendered":"<p>En lo que va de los primeros d\u00edas de octubre, dos personas privadas de la libertad (PPL) fueron halladas sin vida al interior del Centro de Reinserci\u00f3n Social (Cereso) de San Miguel, a poco tiempo de haber sido ingresados. El primero ocurri\u00f3 el pasado 5 de octubre, y se trat\u00f3 de Arturo C., quien apenas [&hellip;]<\/p>\n","protected":false},"author":1,"featured_media":69426,"comment_status":"open","ping_status":"open","sticky":false,"template":"","format":"standard","meta":{"om_disable_all_campaigns":false,"_monsterinsights_skip_tracking":false,"_monsterinsights_sitenote_active":false,"_monsterinsights_sitenote_note":"","_monsterinsights_sitenote_category":0,"footnotes":""},"categories":[175,226],"tags":[],"class_list":["post-69425","post","type-post","status-publish","format-standard","has-post-thumbnail","hentry","category-local","category-policia"],"amp_enabled":true,"_links":{"self":[{"href":"https:\/\/lahora.mx\/index.php\/wp-json\/wp\/v2\/posts\/69425","targetHints":{"allow":["GET"]}}],"collection":[{"href":"https:\/\/lahora.mx\/index.php\/wp-json\/wp\/v2\/posts"}],"about":[{"href":"https:\/\/lahora.mx\/index.php\/wp-json\/wp\/v2\/types\/post"}],"author":[{"embeddable":true,"href":"https:\/\/lahora.mx\/index.php\/wp-json\/wp\/v2\/users\/1"}],"replies":[{"embeddable":true,"href":"https:\/\/lahora.mx\/index.php\/wp-json\/wp\/v2\/comments?post=69425"}],"version-history":[{"count":1,"href":"https:\/\/lahora.mx\/index.php\/wp-json\/wp\/v2\/posts\/69425\/revisions"}],"predecessor-version":[{"id":69427,"href":"https:\/\/lahora.mx\/index.php\/wp-json\/wp\/v2\/posts\/69425\/revisions\/69427"}],"wp:featuredmedia":[{"embeddable":true,"href":"https:\/\/lahora.mx\/index.php\/wp-json\/wp\/v2\/media\/69426"}],"wp:attachment":[{"href":"https:\/\/lahora.mx\/index.php\/wp-json\/wp\/v2\/media?parent=69425"}],"wp:term":[{"taxonomy":"category","embeddable":true,"href":"https:\/\/lahora.mx\/index.php\/wp-json\/wp\/v2\/categories?post=69425"},{"taxonomy":"post_tag","embeddable":true,"href":"https:\/\/lahora.mx\/index.php\/wp-json\/wp\/v2\/tags?post=69425"}],"curies":[{"name":"wp","href":"https:\/\/api.w.org\/{rel}","templated":true}]}}