{"id":69416,"date":"2025-10-12T18:26:58","date_gmt":"2025-10-12T18:26:58","guid":{"rendered":"https:\/\/lahora.mx\/?p=69416"},"modified":"2025-10-12T18:26:59","modified_gmt":"2025-10-12T18:26:59","slug":"padres-de-familia-de-primaria-de-izucar-exigen-investigar-presunto-robo-de-200-mil-pesos","status":"publish","type":"post","link":"https:\/\/lahora.mx\/index.php\/2025\/10\/12\/padres-de-familia-de-primaria-de-izucar-exigen-investigar-presunto-robo-de-200-mil-pesos\/","title":{"rendered":"Padres de familia de primaria de Iz\u00facar exigen investigar presunto robo de 200 mil pesos"},"content":{"rendered":"\n<p>Padres de familia de la escuela primaria Ignacio Zaragoza, que alberga a unos 250 estudiantes, ubicada en el Fraccionamiento Rancho Juanitos, en el municipio de Iz\u00facar de Matamoros, exigen que la Fiscal\u00eda General del Estado de Puebla agilicen e investigue, el presunto robo que sufri\u00f3 la tesorera del Comit\u00e9 del Programa La Escuela es Nuestra, por un monto de 200 mil pesos que ser\u00edan invertidos en la instituci\u00f3n.<\/p>\n\n\n\n<p>Fue una comisi\u00f3n de padres de familia quienes acudieron a Casa Colorada sede del Palacio Municipal, para solicitar el apoyo al edil, Eliseo Morales Rosales, que les brinde un abogado para que d\u00e9 seguimiento a la denuncia, de la cual no ven que haya avance y debe aclararse el presunto robo que dice la tesorera que fue v\u00edctima.<br><br>El 18 de agosto del 2025, la se\u00f1ora identificada como Brisia o Brisa, asegur\u00f3 que en su domicilio fue asaltada y se llevaron el dinero que fue destinado por el gobierno federal bajo el programa La Escuela es Nuestra.<\/p>\n\n\n\n<p>Dicho dinero seria destinado para hacer una barda, comedores para los ni\u00f1os y adquisici\u00f3n de proyectores.<\/p>\n\n\n\n<p>Padres de familia indicaron que hay contradicciones en las declaraciones de la tesorera, por eso, interpusieron la denuncia en la Fiscal\u00eda, pero a pesar de que est\u00e1 pr\u00f3ximo a cumplirse dos meses del robo, no hay avances en las investigaciones.<\/p>\n","protected":false},"excerpt":{"rendered":"<p>Padres de familia de la escuela primaria Ignacio Zaragoza, que alberga a unos 250 estudiantes, ubicada en el Fraccionamiento Rancho Juanitos, en el municipio de Iz\u00facar de Matamoros, exigen que la Fiscal\u00eda General del Estado de Puebla agilicen e investigue, el presunto robo que sufri\u00f3 la tesorera del Comit\u00e9 del Programa La Escuela es Nuestra, [&hellip;]<\/p>\n","protected":false},"author":1,"featured_media":69417,"comment_status":"open","ping_status":"open","sticky":false,"template":"","format":"standard","meta":{"om_disable_all_campaigns":false,"_monsterinsights_skip_tracking":false,"_monsterinsights_sitenote_active":false,"_monsterinsights_sitenote_note":"","_monsterinsights_sitenote_category":0,"footnotes":""},"categories":[175],"tags":[223],"class_list":["post-69416","post","type-post","status-publish","format-standard","has-post-thumbnail","hentry","category-local","tag-puebla"],"amp_enabled":true,"_links":{"self":[{"href":"https:\/\/lahora.mx\/index.php\/wp-json\/wp\/v2\/posts\/69416","targetHints":{"allow":["GET"]}}],"collection":[{"href":"https:\/\/lahora.mx\/index.php\/wp-json\/wp\/v2\/posts"}],"about":[{"href":"https:\/\/lahora.mx\/index.php\/wp-json\/wp\/v2\/types\/post"}],"author":[{"embeddable":true,"href":"https:\/\/lahora.mx\/index.php\/wp-json\/wp\/v2\/users\/1"}],"replies":[{"embeddable":true,"href":"https:\/\/lahora.mx\/index.php\/wp-json\/wp\/v2\/comments?post=69416"}],"version-history":[{"count":1,"href":"https:\/\/lahora.mx\/index.php\/wp-json\/wp\/v2\/posts\/69416\/revisions"}],"predecessor-version":[{"id":69418,"href":"https:\/\/lahora.mx\/index.php\/wp-json\/wp\/v2\/posts\/69416\/revisions\/69418"}],"wp:featuredmedia":[{"embeddable":true,"href":"https:\/\/lahora.mx\/index.php\/wp-json\/wp\/v2\/media\/69417"}],"wp:attachment":[{"href":"https:\/\/lahora.mx\/index.php\/wp-json\/wp\/v2\/media?parent=69416"}],"wp:term":[{"taxonomy":"category","embeddable":true,"href":"https:\/\/lahora.mx\/index.php\/wp-json\/wp\/v2\/categories?post=69416"},{"taxonomy":"post_tag","embeddable":true,"href":"https:\/\/lahora.mx\/index.php\/wp-json\/wp\/v2\/tags?post=69416"}],"curies":[{"name":"wp","href":"https:\/\/api.w.org\/{rel}","templated":true}]}}