{"id":69407,"date":"2025-10-11T23:42:00","date_gmt":"2025-10-11T23:42:00","guid":{"rendered":"https:\/\/lahora.mx\/?p=69407"},"modified":"2025-10-11T23:46:42","modified_gmt":"2025-10-11T23:46:42","slug":"atender-y-salvar-vidas-es-la-prioridad-para-el-gobierno-alejandro-armenta","status":"publish","type":"post","link":"https:\/\/lahora.mx\/index.php\/2025\/10\/11\/atender-y-salvar-vidas-es-la-prioridad-para-el-gobierno-alejandro-armenta\/","title":{"rendered":"Atender y salvar vidas es la prioridad para el gobierno: Alejandro Armenta"},"content":{"rendered":"\n<p>-El gobernador de Puebla visit\u00f3 la comunidad de la Ceiba en el municipio de Xicotepec para estar cerca de las familias damnificadas.<\/p>\n\n\n\n<p>XICOTEPEC, Pue.- \u00abAtender la emergencia y salvar vidas, fue el mensaje que llev\u00f3 el gobernador de Puebla, Alejandro Armenta, durante su visita en la comunidad de la Ceiba en el municipio de Xicotepec, la cual fue severamente da\u00f1ada por las lluvias que se registraron en la zona. \u00abUstedes tienen un da\u00f1o en su casa pero est\u00e1n vivos y estamos con ustedes\u00bb, asegur\u00f3 el mandatario estatal.<\/p>\n\n\n\n<p>Con la indicaci\u00f3n de la presidenta de M\u00e9xico, Claudia Sheinbaum, el mandatario estatal se\u00f1al\u00f3 que todas las viviendas afectadas se van a reestablecer y rehabilitar, as\u00ed como las escuelas de la comunidad. \u00abAqu\u00ed gracias a Dios no hay muertos, eso es una bendici\u00f3n y vamos a cuidarlos, vamos a estar pendientes\u00bb, afirm\u00f3 el gobernador de Puebla.<\/p>\n\n\n\n<p>El ejecutivo del estado puntualiz\u00f3 que solicitar\u00e1 a la presidenta de M\u00e9xico que sea la comunidad de La Ceiba donde se inicie el censo de viviendas afectadas. Reiter\u00f3 que los tres \u00f3rdenes de gobierno trabajan. \u00abUstedes tienen un da\u00f1o en su casa pero est\u00e1n vivos y estamos con ustedes\u00bb asegur\u00f3.<\/p>\n\n\n\n<p>Al visitar el albergue instalado en la Escuela Francisco Murguia, el gobernador afirm\u00f3 que se brindar\u00e1 empleo temporal a todas las personas damnificadas en la comunidad. \u00abAqu\u00ed estamos no vamos a dejarlos hasta que se rehabiliten las viviendas\u00bb, afirm\u00f3 el mandatario, al informar que en el lugar se encuentra el Sistema Estatal DIF para suministrar alimentos, catres y colchonetas.<\/p>\n\n\n\n<p>El mandatario puntualiz\u00f3 que la indicaci\u00f3n de la presidenta Claudia Sheinbaum, es no escatimar esfuerzos para atender la emergencia. Se\u00f1al\u00f3 que la contingencia se est\u00e1 atendiendo en cinco puntos estrat\u00e9gicos de la Sierra Norte.<\/p>\n\n\n\n<p>El Comandante de la XXV Zona Militar, Francisco Antonio Enr\u00edquez Rojas, se\u00f1al\u00f3 que trabajan de manera coordinada todas las dependencias, para ello pidi\u00f3 confianza para solventar cada una de las necesidades; adem\u00e1s se\u00f1al\u00f3 que en pr\u00f3ximas horas llegar\u00e1 una cocina comunitaria. \u00abVamos a cumplir para que regresen a sus actividades normales, solamente les pedimos paciencia\u00bb, apunt\u00f3.<\/p>\n\n\n\n<p>El se\u00f1or No\u00e9 Sol\u00eds Leyva, una de las personas afectadas por las intensas lluvias, comparti\u00f3 su testimonio al calificar lo ocurrido como \u00abun desastre natural nunca antes visto\u00bb. Reconoci\u00f3 la pronta y solidaria respuesta del gobierno que encabeza Alejandro Armenta y destac\u00f3 el respaldo brindado a las familias que lo perdieron todo.<\/p>\n\n\n\n<p>\u00abEst\u00e1bamos durmiendo cuando nos avisaron que sali\u00e9ramos; el agua ya me llegaba aqu\u00ed\u00bb, relata Bernarda Morales, quien perdi\u00f3 su vivienda y todos sus enseres a causa de la fuerte lluvia del pasado jueves. Con tristeza, recuerda que desde 1999 no se viv\u00eda una contingencia de esta magnitud en la regi\u00f3n.<\/p>\n\n\n\n<p>Con el respaldo de la presidenta de M\u00e9xico, Claudia Sheinbaum y la coordinaci\u00f3n de los tres \u00f3rdenes de gobierno, el Gobierno de Puebla garantiza el bienestar de las familias poblanas afectadas por las fuertes lluvias en la entidad.<\/p>\n","protected":false},"excerpt":{"rendered":"<p>-El gobernador de Puebla visit\u00f3 la comunidad de la Ceiba en el municipio de Xicotepec para estar cerca de las familias damnificadas. XICOTEPEC, Pue.- \u00abAtender la emergencia y salvar vidas, fue el mensaje que llev\u00f3 el gobernador de Puebla, Alejandro Armenta, durante su visita en la comunidad de la Ceiba en el municipio de Xicotepec, [&hellip;]<\/p>\n","protected":false},"author":1,"featured_media":69408,"comment_status":"open","ping_status":"open","sticky":false,"template":"","format":"standard","meta":{"om_disable_all_campaigns":false,"_monsterinsights_skip_tracking":false,"_monsterinsights_sitenote_active":false,"_monsterinsights_sitenote_note":"","_monsterinsights_sitenote_category":0,"footnotes":""},"categories":[175],"tags":[195],"class_list":["post-69407","post","type-post","status-publish","format-standard","has-post-thumbnail","hentry","category-local","tag-principal"],"amp_enabled":true,"_links":{"self":[{"href":"https:\/\/lahora.mx\/index.php\/wp-json\/wp\/v2\/posts\/69407","targetHints":{"allow":["GET"]}}],"collection":[{"href":"https:\/\/lahora.mx\/index.php\/wp-json\/wp\/v2\/posts"}],"about":[{"href":"https:\/\/lahora.mx\/index.php\/wp-json\/wp\/v2\/types\/post"}],"author":[{"embeddable":true,"href":"https:\/\/lahora.mx\/index.php\/wp-json\/wp\/v2\/users\/1"}],"replies":[{"embeddable":true,"href":"https:\/\/lahora.mx\/index.php\/wp-json\/wp\/v2\/comments?post=69407"}],"version-history":[{"count":1,"href":"https:\/\/lahora.mx\/index.php\/wp-json\/wp\/v2\/posts\/69407\/revisions"}],"predecessor-version":[{"id":69409,"href":"https:\/\/lahora.mx\/index.php\/wp-json\/wp\/v2\/posts\/69407\/revisions\/69409"}],"wp:featuredmedia":[{"embeddable":true,"href":"https:\/\/lahora.mx\/index.php\/wp-json\/wp\/v2\/media\/69408"}],"wp:attachment":[{"href":"https:\/\/lahora.mx\/index.php\/wp-json\/wp\/v2\/media?parent=69407"}],"wp:term":[{"taxonomy":"category","embeddable":true,"href":"https:\/\/lahora.mx\/index.php\/wp-json\/wp\/v2\/categories?post=69407"},{"taxonomy":"post_tag","embeddable":true,"href":"https:\/\/lahora.mx\/index.php\/wp-json\/wp\/v2\/tags?post=69407"}],"curies":[{"name":"wp","href":"https:\/\/api.w.org\/{rel}","templated":true}]}}