{"id":69383,"date":"2025-10-10T22:24:25","date_gmt":"2025-10-10T22:24:25","guid":{"rendered":"https:\/\/lahora.mx\/?p=69383"},"modified":"2025-10-10T22:24:26","modified_gmt":"2025-10-10T22:24:26","slug":"imss-puebla-avanza-en-labores-de-limpieza-y-atencion-tras-afectaciones-en-el-hospital-rural-la-ceiba","status":"publish","type":"post","link":"https:\/\/lahora.mx\/index.php\/2025\/10\/10\/imss-puebla-avanza-en-labores-de-limpieza-y-atencion-tras-afectaciones-en-el-hospital-rural-la-ceiba\/","title":{"rendered":"IMSS Puebla avanza en labores de limpieza y atenci\u00f3n tras afectaciones en el Hospital Rural La Ceiba"},"content":{"rendered":"\n<p>El Instituto Mexicano del Seguro Social (IMSS) inform\u00f3 que contin\u00faan las acciones para atender las afectaciones registradas en el Hospital Rural La Ceiba , ubicado en el municipio de Villa \u00c1vila Camacho , como consecuencia de las intensas lluvias que provocaron el aumento del nivel de r\u00edos y arroyos en la regi\u00f3n norte del estado.<\/p>\n\n\n\n<p>De acuerdo con el director general del IMSS, Zo\u00e9 Robledo , el incremento s\u00fabito del nivel del agua ocasion\u00f3 el colapso de la barda perimetral del hospital , y en algunas \u00e1reas el agua alcanz\u00f3 hasta un metro de altura. Desde el primer momento, el personal m\u00e9dico y de enfermer\u00eda realiz\u00f3 la evacuaci\u00f3n de 17 pacientes , entre ellos reci\u00e9n nacidos y una pu\u00e9rpera , quienes fueron trasladados a zonas seguras .<br><br>El funcionario destac\u00f3 que se mantiene coordinaci\u00f3n permanente con el gobernador Alejandro Armenta , el doctor Alejandro Svarch y las autoridades del IMSS Bienestar , con el fin de garantizar la atenci\u00f3n m\u00e9dica de los pacientes que fueron reubicados.<\/p>\n\n\n\n<p>Por su parte, la titular del IMSS en Puebla, doctora Mar\u00eda Magdalena Tinajero , encabez\u00f3 una brigada de respuesta que ingres\u00f3 al municipio de Xicotepec , donde se prev\u00e9 establecer un punto alternativo de atenci\u00f3n m\u00e9dica mientras contin\u00faan las labores de limpieza y rehabilitaci\u00f3n en la unidad m\u00e9dica de La Ceiba .<\/p>\n\n\n\n<p>En el interior del hospital, personal institucional con apoyo de la Secretar\u00eda de la Defensa Nacional (SEDENA) realiza tareas de saneamiento y limpieza , adem\u00e1s de operar la planta de emergencia para asegurar el suministro de combustible y mantener en funcionamiento los servicios esenciales .<\/p>\n\n\n\n<p>El IMSS Puebla reiter\u00f3 que trabaja de forma coordinada con autoridades federales, estatales y municipales para restablecer la atenci\u00f3n m\u00e9dica a la brevedad posible y atender a la poblaci\u00f3n afectada por las recientes lluvias en la Sierra Norte .<\/p>\n","protected":false},"excerpt":{"rendered":"<p>El Instituto Mexicano del Seguro Social (IMSS) inform\u00f3 que contin\u00faan las acciones para atender las afectaciones registradas en el Hospital Rural La Ceiba , ubicado en el municipio de Villa \u00c1vila Camacho , como consecuencia de las intensas lluvias que provocaron el aumento del nivel de r\u00edos y arroyos en la regi\u00f3n norte del estado. [&hellip;]<\/p>\n","protected":false},"author":1,"featured_media":69384,"comment_status":"open","ping_status":"open","sticky":false,"template":"","format":"standard","meta":{"om_disable_all_campaigns":false,"_monsterinsights_skip_tracking":false,"_monsterinsights_sitenote_active":false,"_monsterinsights_sitenote_note":"","_monsterinsights_sitenote_category":0,"footnotes":""},"categories":[175,252],"tags":[195,223],"class_list":["post-69383","post","type-post","status-publish","format-standard","has-post-thumbnail","hentry","category-local","category-salud","tag-principal","tag-puebla"],"amp_enabled":true,"_links":{"self":[{"href":"https:\/\/lahora.mx\/index.php\/wp-json\/wp\/v2\/posts\/69383","targetHints":{"allow":["GET"]}}],"collection":[{"href":"https:\/\/lahora.mx\/index.php\/wp-json\/wp\/v2\/posts"}],"about":[{"href":"https:\/\/lahora.mx\/index.php\/wp-json\/wp\/v2\/types\/post"}],"author":[{"embeddable":true,"href":"https:\/\/lahora.mx\/index.php\/wp-json\/wp\/v2\/users\/1"}],"replies":[{"embeddable":true,"href":"https:\/\/lahora.mx\/index.php\/wp-json\/wp\/v2\/comments?post=69383"}],"version-history":[{"count":1,"href":"https:\/\/lahora.mx\/index.php\/wp-json\/wp\/v2\/posts\/69383\/revisions"}],"predecessor-version":[{"id":69385,"href":"https:\/\/lahora.mx\/index.php\/wp-json\/wp\/v2\/posts\/69383\/revisions\/69385"}],"wp:featuredmedia":[{"embeddable":true,"href":"https:\/\/lahora.mx\/index.php\/wp-json\/wp\/v2\/media\/69384"}],"wp:attachment":[{"href":"https:\/\/lahora.mx\/index.php\/wp-json\/wp\/v2\/media?parent=69383"}],"wp:term":[{"taxonomy":"category","embeddable":true,"href":"https:\/\/lahora.mx\/index.php\/wp-json\/wp\/v2\/categories?post=69383"},{"taxonomy":"post_tag","embeddable":true,"href":"https:\/\/lahora.mx\/index.php\/wp-json\/wp\/v2\/tags?post=69383"}],"curies":[{"name":"wp","href":"https:\/\/api.w.org\/{rel}","templated":true}]}}