{"id":69315,"date":"2025-10-09T22:06:21","date_gmt":"2025-10-09T22:06:21","guid":{"rendered":"https:\/\/lahora.mx\/?p=69315"},"modified":"2025-10-09T22:09:32","modified_gmt":"2025-10-09T22:09:32","slug":"embajadora-de-israel-en-mexico-minimiza-inmensa-cantidad-de-muertos-en-gaza","status":"publish","type":"post","link":"https:\/\/lahora.mx\/index.php\/2025\/10\/09\/embajadora-de-israel-en-mexico-minimiza-inmensa-cantidad-de-muertos-en-gaza\/","title":{"rendered":"Embajadora de Israel en M\u00e9xico minimiza inmensa cantidad de muertos en Gaza"},"content":{"rendered":"\n<p>En el marco de las negociaciones de paz en Gaza, as\u00ed como la liberaci\u00f3n de activistas mexicanos secuestrados por Israel, la controversial embajadora del estado sionista en M\u00e9xico, Einat Kranz Neiger, minimiz\u00f3 la enorme cantidad de civiles palestinos muertos y declar\u00f3 que no se trata de un genocidio.<\/p>\n\n\n\n<p>A trav\u00e9s de una conferencia virtual para supuestamente recordar los sucesos del 7 de octubre del 2023, la representante diplom\u00e1tica tambi\u00e9n lanz\u00f3 una serie de criticas en contra de las naciones en el mundo que reconocieron a Palestina como Estado, para presionar al r\u00e9gimen ultraconservador de Benjam\u00edn Netanyahu.<br><br>Pero la indignaci\u00f3n estall\u00f3 a\u00fan m\u00e1s cuando se le cuestiono por los dichos de m\u00faltiples organizaciones y expertos que han clasificado la situaci\u00f3n en Gaza como un genocidio, y la mujer negara categ\u00f3ricamente este adjetivo, utilizando el argumento de que las masacres fueron parte de una \u201cestrategia de defensa\u201d.<\/p>\n\n\n\n<p>\u201cIsrael no quiere hacerle da\u00f1o al pueblo palestino, al contrario, lo vemos como una tragedia. \u00a1Lo lamentamos mucho! Hicimos todo lo que pudimos para minimizar la cantidad de v\u00edctimas\u201d, declar\u00f3, pese a los comentarios de m\u00faltiples funcionarios israel\u00eds que pidieron el exterminio de todo el pueblo palestino.<\/p>\n\n\n\n<p>En cuanto al secuestro de seis activistas mexicanos que se sumaron a la Global Sumud Flotilla que pretend\u00eda llevar medicina y comida a Gaza, la representante sionista neg\u00f3 que estos hayan sido maltratados, para luego mostrarse indiferente ante el hecho de que el canciller mexicano denunciara a Israel ante la ONU por esto.<\/p>\n","protected":false},"excerpt":{"rendered":"<p>En el marco de las negociaciones de paz en Gaza, as\u00ed como la liberaci\u00f3n de activistas mexicanos secuestrados por Israel, la controversial embajadora del estado sionista en M\u00e9xico, Einat Kranz Neiger, minimiz\u00f3 la enorme cantidad de civiles palestinos muertos y declar\u00f3 que no se trata de un genocidio. A trav\u00e9s de una conferencia virtual para [&hellip;]<\/p>\n","protected":false},"author":1,"featured_media":69319,"comment_status":"open","ping_status":"open","sticky":false,"template":"","format":"standard","meta":{"om_disable_all_campaigns":false,"_monsterinsights_skip_tracking":false,"_monsterinsights_sitenote_active":false,"_monsterinsights_sitenote_note":"","_monsterinsights_sitenote_category":0,"footnotes":""},"categories":[176],"tags":[195],"class_list":["post-69315","post","type-post","status-publish","format-standard","has-post-thumbnail","hentry","category-nacional","tag-principal"],"amp_enabled":true,"_links":{"self":[{"href":"https:\/\/lahora.mx\/index.php\/wp-json\/wp\/v2\/posts\/69315","targetHints":{"allow":["GET"]}}],"collection":[{"href":"https:\/\/lahora.mx\/index.php\/wp-json\/wp\/v2\/posts"}],"about":[{"href":"https:\/\/lahora.mx\/index.php\/wp-json\/wp\/v2\/types\/post"}],"author":[{"embeddable":true,"href":"https:\/\/lahora.mx\/index.php\/wp-json\/wp\/v2\/users\/1"}],"replies":[{"embeddable":true,"href":"https:\/\/lahora.mx\/index.php\/wp-json\/wp\/v2\/comments?post=69315"}],"version-history":[{"count":1,"href":"https:\/\/lahora.mx\/index.php\/wp-json\/wp\/v2\/posts\/69315\/revisions"}],"predecessor-version":[{"id":69317,"href":"https:\/\/lahora.mx\/index.php\/wp-json\/wp\/v2\/posts\/69315\/revisions\/69317"}],"wp:featuredmedia":[{"embeddable":true,"href":"https:\/\/lahora.mx\/index.php\/wp-json\/wp\/v2\/media\/69319"}],"wp:attachment":[{"href":"https:\/\/lahora.mx\/index.php\/wp-json\/wp\/v2\/media?parent=69315"}],"wp:term":[{"taxonomy":"category","embeddable":true,"href":"https:\/\/lahora.mx\/index.php\/wp-json\/wp\/v2\/categories?post=69315"},{"taxonomy":"post_tag","embeddable":true,"href":"https:\/\/lahora.mx\/index.php\/wp-json\/wp\/v2\/tags?post=69315"}],"curies":[{"name":"wp","href":"https:\/\/api.w.org\/{rel}","templated":true}]}}