{"id":69306,"date":"2025-10-09T18:37:40","date_gmt":"2025-10-09T18:37:40","guid":{"rendered":"https:\/\/lahora.mx\/?p=69306"},"modified":"2025-10-09T18:37:41","modified_gmt":"2025-10-09T18:37:41","slug":"sheinbaum-descarta-venta-clandestina-de-bebidas-azucaradas-tras-alza-al-ieps","status":"publish","type":"post","link":"https:\/\/lahora.mx\/index.php\/2025\/10\/09\/sheinbaum-descarta-venta-clandestina-de-bebidas-azucaradas-tras-alza-al-ieps\/","title":{"rendered":"Sheinbaum descarta venta clandestina de bebidas azucaradas tras alza al IEPS"},"content":{"rendered":"\n<p>Durante la conferencia de prensa de este 9 de octubre, la presidenta Claudia Sheinbaum neg\u00f3 que el incremento al Impuesto Especial sobre Producci\u00f3n y Servicios (IEPS) aplicado a las bebidas azucaradas genere un mercado informal o clandestino para su venta, como han se\u00f1alado algunos medios de comunicaci\u00f3n.<\/p>\n\n\n\n<p>Sheinbaum subray\u00f3 que la medida tiene un fundamento cient\u00edfico, ya que el consumo excesivo de estos productos provoca serios da\u00f1os a la salud, especialmente relacionados con enfermedades como diabetes e hipertensi\u00f3n.<br><br>La mandataria explic\u00f3 que los impuestos a refrescos y sueros orales se mantienen, y que los recursos obtenidos por esta v\u00eda ser\u00e1n destinados directamente a programas de atenci\u00f3n y prevenci\u00f3n de enfermedades cr\u00f3nicas.<\/p>\n\n\n\n<p>Asimismo, la presidenta hizo referencia a una encuesta de ENKOLL, en la que la mayor\u00eda de los consultados expres\u00f3 apoyo a la pol\u00edtica de salud p\u00fablica impulsada por el gobierno respecto al consumo de bebidas azucaradas.<\/p>\n","protected":false},"excerpt":{"rendered":"<p>Durante la conferencia de prensa de este 9 de octubre, la presidenta Claudia Sheinbaum neg\u00f3 que el incremento al Impuesto Especial sobre Producci\u00f3n y Servicios (IEPS) aplicado a las bebidas azucaradas genere un mercado informal o clandestino para su venta, como han se\u00f1alado algunos medios de comunicaci\u00f3n. Sheinbaum subray\u00f3 que la medida tiene un fundamento [&hellip;]<\/p>\n","protected":false},"author":1,"featured_media":69307,"comment_status":"open","ping_status":"open","sticky":false,"template":"","format":"standard","meta":{"om_disable_all_campaigns":false,"_monsterinsights_skip_tracking":false,"_monsterinsights_sitenote_active":false,"_monsterinsights_sitenote_note":"","_monsterinsights_sitenote_category":0,"footnotes":""},"categories":[176],"tags":[195],"class_list":["post-69306","post","type-post","status-publish","format-standard","has-post-thumbnail","hentry","category-nacional","tag-principal"],"amp_enabled":true,"_links":{"self":[{"href":"https:\/\/lahora.mx\/index.php\/wp-json\/wp\/v2\/posts\/69306","targetHints":{"allow":["GET"]}}],"collection":[{"href":"https:\/\/lahora.mx\/index.php\/wp-json\/wp\/v2\/posts"}],"about":[{"href":"https:\/\/lahora.mx\/index.php\/wp-json\/wp\/v2\/types\/post"}],"author":[{"embeddable":true,"href":"https:\/\/lahora.mx\/index.php\/wp-json\/wp\/v2\/users\/1"}],"replies":[{"embeddable":true,"href":"https:\/\/lahora.mx\/index.php\/wp-json\/wp\/v2\/comments?post=69306"}],"version-history":[{"count":1,"href":"https:\/\/lahora.mx\/index.php\/wp-json\/wp\/v2\/posts\/69306\/revisions"}],"predecessor-version":[{"id":69308,"href":"https:\/\/lahora.mx\/index.php\/wp-json\/wp\/v2\/posts\/69306\/revisions\/69308"}],"wp:featuredmedia":[{"embeddable":true,"href":"https:\/\/lahora.mx\/index.php\/wp-json\/wp\/v2\/media\/69307"}],"wp:attachment":[{"href":"https:\/\/lahora.mx\/index.php\/wp-json\/wp\/v2\/media?parent=69306"}],"wp:term":[{"taxonomy":"category","embeddable":true,"href":"https:\/\/lahora.mx\/index.php\/wp-json\/wp\/v2\/categories?post=69306"},{"taxonomy":"post_tag","embeddable":true,"href":"https:\/\/lahora.mx\/index.php\/wp-json\/wp\/v2\/tags?post=69306"}],"curies":[{"name":"wp","href":"https:\/\/api.w.org\/{rel}","templated":true}]}}