{"id":69303,"date":"2025-10-09T17:51:53","date_gmt":"2025-10-09T17:51:53","guid":{"rendered":"https:\/\/lahora.mx\/?p=69303"},"modified":"2025-10-09T17:51:54","modified_gmt":"2025-10-09T17:51:54","slug":"catrina-del-organillero-tributo-a-la-musica-y-la-tradicion-en-el-valle-de-catrinas-en-atlixco","status":"publish","type":"post","link":"https:\/\/lahora.mx\/index.php\/2025\/10\/09\/catrina-del-organillero-tributo-a-la-musica-y-la-tradicion-en-el-valle-de-catrinas-en-atlixco\/","title":{"rendered":"Catrina del organillero: tributo a la m\u00fasica y la tradici\u00f3n en el valle de catrinas en Atlixco"},"content":{"rendered":"\n<p>Durante el Festival Internacional Valle de Catrinas 2025, impulsado por la presidenta de Atlixco, Ariadna Ayala, una de las figuras m\u00e1s emblem\u00e1ticas es \u201cLa Catrina del Organillero\u201d, una escultura que rinde homenaje a uno de los oficios m\u00e1s entra\u00f1ables y nost\u00e1lgicos de M\u00e9xico.<\/p>\n\n\n\n<p>La pieza fue creada por Daniel L\u00f3pez M\u00e9ndez, pintor y muralista atlixquense que desde ni\u00f1o encontr\u00f3 en el arte una forma de expresar sus emociones y su amor por las tradiciones mexicanas.<br><br>Gracias al impulso de la presidenta Ariadna Ayala, el Valle de Catrinas se consolida como un espacio donde el arte, la cultura y la identidad mexicana cobran vida, fortaleciendo el orgullo y la proyecci\u00f3n de Atlixco como la Capital del D\u00eda de Muertos.<br><br><\/p>\n","protected":false},"excerpt":{"rendered":"<p>Durante el Festival Internacional Valle de Catrinas 2025, impulsado por la presidenta de Atlixco, Ariadna Ayala, una de las figuras m\u00e1s emblem\u00e1ticas es \u201cLa Catrina del Organillero\u201d, una escultura que rinde homenaje a uno de los oficios m\u00e1s entra\u00f1ables y nost\u00e1lgicos de M\u00e9xico. La pieza fue creada por Daniel L\u00f3pez M\u00e9ndez, pintor y muralista atlixquense [&hellip;]<\/p>\n","protected":false},"author":1,"featured_media":69304,"comment_status":"open","ping_status":"open","sticky":false,"template":"","format":"standard","meta":{"om_disable_all_campaigns":false,"_monsterinsights_skip_tracking":false,"_monsterinsights_sitenote_active":false,"_monsterinsights_sitenote_note":"","_monsterinsights_sitenote_category":0,"footnotes":""},"categories":[176],"tags":[223],"class_list":["post-69303","post","type-post","status-publish","format-standard","has-post-thumbnail","hentry","category-nacional","tag-puebla"],"amp_enabled":true,"_links":{"self":[{"href":"https:\/\/lahora.mx\/index.php\/wp-json\/wp\/v2\/posts\/69303","targetHints":{"allow":["GET"]}}],"collection":[{"href":"https:\/\/lahora.mx\/index.php\/wp-json\/wp\/v2\/posts"}],"about":[{"href":"https:\/\/lahora.mx\/index.php\/wp-json\/wp\/v2\/types\/post"}],"author":[{"embeddable":true,"href":"https:\/\/lahora.mx\/index.php\/wp-json\/wp\/v2\/users\/1"}],"replies":[{"embeddable":true,"href":"https:\/\/lahora.mx\/index.php\/wp-json\/wp\/v2\/comments?post=69303"}],"version-history":[{"count":1,"href":"https:\/\/lahora.mx\/index.php\/wp-json\/wp\/v2\/posts\/69303\/revisions"}],"predecessor-version":[{"id":69305,"href":"https:\/\/lahora.mx\/index.php\/wp-json\/wp\/v2\/posts\/69303\/revisions\/69305"}],"wp:featuredmedia":[{"embeddable":true,"href":"https:\/\/lahora.mx\/index.php\/wp-json\/wp\/v2\/media\/69304"}],"wp:attachment":[{"href":"https:\/\/lahora.mx\/index.php\/wp-json\/wp\/v2\/media?parent=69303"}],"wp:term":[{"taxonomy":"category","embeddable":true,"href":"https:\/\/lahora.mx\/index.php\/wp-json\/wp\/v2\/categories?post=69303"},{"taxonomy":"post_tag","embeddable":true,"href":"https:\/\/lahora.mx\/index.php\/wp-json\/wp\/v2\/tags?post=69303"}],"curies":[{"name":"wp","href":"https:\/\/api.w.org\/{rel}","templated":true}]}}